{"id":21922,"date":"2022-06-13T15:47:05","date_gmt":"2022-06-13T13:47:05","guid":{"rendered":"https:\/\/prometheus.museum\/barruera\/"},"modified":"2022-09-23T15:13:25","modified_gmt":"2022-09-23T13:13:25","slug":"barruera","status":"publish","type":"post","link":"https:\/\/prometheus.museum\/ca\/barruera\/","title":{"rendered":"Barruera"},"content":{"rendered":"<p>La festa entra en una certa decad\u00e8ncia a la d\u00e8cada dels seixanta, mantenint-se nom\u00e9s com una celebraci\u00f3 destinada a la mainada, per\u00f2 es revitalitz\u00e0 a partir dels anys vuitanta amb la recuperaci\u00f3 de la baixada de falles dels adults. Les falles s\u00f3n de dos tipus: la falla ribagor\u00e7ana (la m\u00e9s utilitzada, feta a partir de quatre ascles de teia clavades amb tatxes a un pal d\u2019avellaner i refor\u00e7ades amb filferro, d\u2019entre 1,7 i 2 m.) i la falla de Barruera (que necessita m\u00e9s temps de preparaci\u00f3 i \u00e9s utilitzada sobre tot pels m\u00e9s joves).<br \/>\nAquesta falla s\u2019elabora unes tres o quatre setmanes abans de la festa. El dia de les Falles les persones que duran les falles pugen al faro (els adults a l\u2019Obac Xic), tot i que al poble hi ha d\u2019altres faros. Els fallaires pugen al faro portant-se al sopar, compartint entre ells alguns productes, i quan \u00e9s ben fosc, encenen les falles amb diferents fogueres a partir de les quals encenen les seves torxes. Abans, els menuts comencen a desfilar amb les seves falles pel poble corrent pel carrer Major amb els aplaudiments del p\u00fablic assistent.<br \/>\nPels voltants de les onze de la nit, es llencen tres coets que s\u00f3n l\u2019indicador que s\u2019inicia la baixada. Les falles es porten cap al poble, formant una llarga fila de foc visible des del poble fins arribar a la pla\u00e7a, on la gent els rep amb alegria i m\u00fasica. El recorregut de diverses voltes pel poble, de forta intensitat i emoci\u00f3, acaba quan les falles es llencen a una foguera i despr\u00e9s continua la festa amb danses i balls a l\u2019envelat fins a la matinada.<\/p>\n<p><strong>M\u00e9s informaci\u00f3<\/strong> : <a href=\"https:\/\/www.vallboi.cat\/ca\/falles\" target=\"_blank\" rel=\"noopener\">https:\/\/www.vallboi.cat\/ca\/falles <\/a><br \/>\n<strong>Instagram<\/strong> : <a href=\"https:\/\/www.instagram.com\/valldeboi\/\" target=\"_blank\" rel=\"noopener\">https:\/\/www.instagram.com\/valldeboi\/<\/a><br \/>\n<strong>Twitter<\/strong> : <a href=\"https:\/\/twitter.com\/ValldeBoi\" target=\"_blank\" rel=\"noopener\">https:\/\/twitter.com\/ValldeBoi<\/a><br \/>\n<strong>Facebook<\/strong> : <a href=\"https:\/\/www.facebook.com\/ValldeBoi\" target=\"_blank\" rel=\"noopener\">https:\/\/www.facebook.com\/ValldeBoi<\/a><br \/>\n<strong>Tel<\/strong>. Ajuntament: +34 973 69 40 00<\/p>\n<p><strong>Per saber-ne m\u00e9s:<\/strong><br \/>\nRiart, O. i Jord\u00e0 S. (2012). \u201cCatalogaci\u00f3 de les falles al Pirineu. Descripci\u00f3 dels processos i elements fallaires\u201d,\u00a0<em>Revista d\u2019Etnologia de Catalunya<\/em>, n\u00ba38, 162-173.<br \/>\nRiart, O. i Jord\u00e0, S. (2016).\u00a0<em>Les falles del Pirineu. L\u2019Alta Ribagor\u00e7a i el Pallars Sobir\u00e0<\/em>. Lleida: Pag\u00e8s editors.<br \/>\nRicart, S. i Farr\u00e9, X. (2012).\u00a0<em>Foc al faro, la festa de les falles al Pirineu<\/em>. Ta\u00fcll: AlpinArt.<br \/>\nFarr\u00e9 Sah\u00fan, X.; Ricart, S. (2016) <em>Foc al faro. La fiesta de las fallas en el Pirineo. <\/em>Saragossa: Prames<\/p>\n<p><strong>Fotos i v\u00eddeos <\/strong><\/p>\n<p>Falles de Barruera, 2015<br \/>\n<a href=\"https:\/\/www.youtube.com\/watch?v=yNr8lZ8amCo\" target=\"_blank\" rel=\"noopener\">https:\/\/www.youtube.com\/watch?v=yNr8lZ8amCo <\/a><\/p>\n<p>Documental<br \/>\n<a href=\"https:\/\/www.youtube.com\/watch?v=GopGrlDalNE\" target=\"_blank\" rel=\"noopener\">https:\/\/www.youtube.com\/watch?v=GopGrlDalNE<\/a><\/p>\n<p><img loading=\"lazy\" decoding=\"async\" class=\"alignnone size-full wp-image-15783\" src=\"https:\/\/prometheus.museum\/wp-content\/uploads\/2022\/06\/BARRUERA-001-Catedra.jpg\" alt=\"Barruera\" width=\"980\" height=\"649\" srcset=\"https:\/\/prometheus.museum\/wp-content\/uploads\/2022\/06\/BARRUERA-001-Catedra.jpg 980w, https:\/\/prometheus.museum\/wp-content\/uploads\/2022\/06\/BARRUERA-001-Catedra-300x199.jpg 300w, https:\/\/prometheus.museum\/wp-content\/uploads\/2022\/06\/BARRUERA-001-Catedra-768x509.jpg 768w\" sizes=\"auto, (max-width: 980px) 100vw, 980px\" \/><br \/>\nFalles de Barruera. C\u00e0tedra de Patrimoni Immaterial<\/p>\n<p><img loading=\"lazy\" decoding=\"async\" class=\"alignnone size-full wp-image-15788\" src=\"https:\/\/prometheus.museum\/wp-content\/uploads\/2022\/06\/BARUERA-003-cartell_falles_19_final_baixa-page-001.jpg\" alt=\"Barruera\" width=\"980\" height=\"1651\" srcset=\"https:\/\/prometheus.museum\/wp-content\/uploads\/2022\/06\/BARUERA-003-cartell_falles_19_final_baixa-page-001.jpg 980w, https:\/\/prometheus.museum\/wp-content\/uploads\/2022\/06\/BARUERA-003-cartell_falles_19_final_baixa-page-001-178x300.jpg 178w, https:\/\/prometheus.museum\/wp-content\/uploads\/2022\/06\/BARUERA-003-cartell_falles_19_final_baixa-page-001-608x1024.jpg 608w, https:\/\/prometheus.museum\/wp-content\/uploads\/2022\/06\/BARUERA-003-cartell_falles_19_final_baixa-page-001-768x1294.jpg 768w, https:\/\/prometheus.museum\/wp-content\/uploads\/2022\/06\/BARUERA-003-cartell_falles_19_final_baixa-page-001-912x1536.jpg 912w\" sizes=\"auto, (max-width: 980px) 100vw, 980px\" \/><br \/>\nCartell de les Falles de Barruera<\/p>\n","protected":false},"excerpt":{"rendered":"<p>La festa entra en una certa decad\u00e8ncia a la d\u00e8cada dels seixanta, mantenint-se nom\u00e9s com una celebraci\u00f3 destinada a la mainada, per\u00f2 es revitalitz\u00e0 a partir dels anys vuitanta amb la recuperaci\u00f3 de la baixada de falles dels adults. Les falles s\u00f3n de dos tipus: la falla ribagor\u00e7ana (la m\u00e9s utilitzada, feta a partir de [&hellip;]<\/p>\n","protected":false},"author":1,"featured_media":0,"comment_status":"open","ping_status":"open","sticky":false,"template":"","format":"standard","meta":{"_monsterinsights_skip_tracking":false,"_monsterinsights_sitenote_active":false,"_monsterinsights_sitenote_note":"","_monsterinsights_sitenote_category":0,"_uf_show_specific_survey":0,"_uf_disable_surveys":false,"footnotes":""},"categories":[111],"tags":[],"class_list":["post-21922","post","type-post","status-publish","format-standard","hentry","category-espagne-ca"],"_links":{"self":[{"href":"https:\/\/prometheus.museum\/ca\/wp-json\/wp\/v2\/posts\/21922","targetHints":{"allow":["GET"]}}],"collection":[{"href":"https:\/\/prometheus.museum\/ca\/wp-json\/wp\/v2\/posts"}],"about":[{"href":"https:\/\/prometheus.museum\/ca\/wp-json\/wp\/v2\/types\/post"}],"author":[{"embeddable":true,"href":"https:\/\/prometheus.museum\/ca\/wp-json\/wp\/v2\/users\/1"}],"replies":[{"embeddable":true,"href":"https:\/\/prometheus.museum\/ca\/wp-json\/wp\/v2\/comments?post=21922"}],"version-history":[{"count":2,"href":"https:\/\/prometheus.museum\/ca\/wp-json\/wp\/v2\/posts\/21922\/revisions"}],"predecessor-version":[{"id":22031,"href":"https:\/\/prometheus.museum\/ca\/wp-json\/wp\/v2\/posts\/21922\/revisions\/22031"}],"wp:attachment":[{"href":"https:\/\/prometheus.museum\/ca\/wp-json\/wp\/v2\/media?parent=21922"}],"wp:term":[{"taxonomy":"category","embeddable":true,"href":"https:\/\/prometheus.museum\/ca\/wp-json\/wp\/v2\/categories?post=21922"},{"taxonomy":"post_tag","embeddable":true,"href":"https:\/\/prometheus.museum\/ca\/wp-json\/wp\/v2\/tags?post=21922"}],"curies":[{"name":"wp","href":"https:\/\/api.w.org\/{rel}","templated":true}]}}