{"id":21954,"date":"2022-06-13T17:11:12","date_gmt":"2022-06-13T15:11:12","guid":{"rendered":"https:\/\/prometheus.museum\/ordino\/"},"modified":"2022-10-11T11:41:33","modified_gmt":"2022-10-11T09:41:33","slug":"ordino","status":"publish","type":"post","link":"https:\/\/prometheus.museum\/ca\/ordino\/","title":{"rendered":"Ordino"},"content":{"rendered":"<p>Perduda la tradici\u00f3 des de mitjans del segle passat, les falles d\u2019Ordino s\u00f3n una de les m\u00e9s joves recuperades al Principat d\u2019Andorra. Pr\u00e8viament a la cremada, el mateix dia, es fa la plantada del mai. La cremada comen\u00e7a a les 22.30 hores a la pla\u00e7a Major, amb la coreografia del Ball dels Fallaires i l&#8217;actuaci\u00f3 dels fallaires de llum.<br \/>\nEls m\u00e9s petits porten, com als altres pobles andorrans, les falles de la llum acompanyats dels grallers i els tabalers. A continuaci\u00f3, s&#8217;inicia la cremada per part dels fallaires pel carrer Major, i d\u2019altres carrers fins a l&#8217;aparcament Prat de Vilella. Un cop all\u00e0, els fallaires de llum tornen a fer acte de pres\u00e8ncia pel voltant del mai, on finalment es procedeix a la cremada de la falla tradicional i del mai. A m\u00e9s, a l&#8217;aparcament, l&#8217;esbart dansaire tamb\u00e9 interpreta la dansa de les bruixes de la vall de Sorteny, recuperada recentment.<\/p>\n<p><strong>Organitza<\/strong> : Associaci\u00f3 de Cultura Popular d&#8217;Ordino<br \/>\n<strong>M\u00e9s informaci\u00f3<\/strong> : <a href=\"https:\/\/fallesandorra.com\" target=\"_blank\" rel=\"noopener\">https:\/\/fallesandorra.com <\/a><br \/>\n<strong>Instagram<\/strong> : #fallesordino<\/p>\n<p><strong>Per saber-ne m\u00e9s :<\/strong><br \/>\nRoig, A. (2018).\u00a0<em>Roda el foc. 30 anys de falles a Andorra la Vella<\/em>. Andorra-Lleida: Pag\u00e8s editors.<br \/>\nMir\u00f3, C. (2008). \u201cLes falles d\u2019Andorra, un referent folkl\u00f2ric perdut i recuperat\u201d, <em>Ex-Libris<\/em> 12, Biblioteca Nacional.<\/p>\n<p><strong>Fotos i v\u00eddeos <\/strong><\/p>\n<p>Cremada de falles 2019<br \/>\n<a href=\"https:\/\/www.youtube.com\/watch?v=kcqQjo9PrYg&amp;ab_channel=CulturaPopulard%27Ordino\" target=\"_blank\" rel=\"noopener\">https:\/\/www.youtube.com\/watch?v=kcqQjo9PrYg&amp;ab_channel=CulturaPopulard%27Ordino<\/a><\/p>\n<p>Cultura popular d\u2019Ordino<br \/>\n<a href=\"https:\/\/www.youtube.com\/watch?v=ta6iRq_Osrw&amp;t=27s\" target=\"_blank\" rel=\"noopener\">https:\/\/www.youtube.com\/watch?v=ta6iRq_Osrw&amp;t=27s <\/a><\/p>\n<p><img loading=\"lazy\" decoding=\"async\" class=\"alignnone size-full wp-image-15982\" src=\"https:\/\/prometheus.museum\/wp-content\/uploads\/2022\/06\/ORDINO-001-OR_\u00a9EricRossell_ERV8045-.jpg\" alt=\"Ordino\" width=\"980\" height=\"653\" srcset=\"https:\/\/prometheus.museum\/wp-content\/uploads\/2022\/06\/ORDINO-001-OR_\u00a9EricRossell_ERV8045-.jpg 980w, https:\/\/prometheus.museum\/wp-content\/uploads\/2022\/06\/ORDINO-001-OR_\u00a9EricRossell_ERV8045--300x200.jpg 300w, https:\/\/prometheus.museum\/wp-content\/uploads\/2022\/06\/ORDINO-001-OR_\u00a9EricRossell_ERV8045--768x512.jpg 768w\" sizes=\"auto, (max-width: 980px) 100vw, 980px\" \/><br \/>\nFalles d\u2019Ordino. Fotografia: Associaci\u00f3 de fallaires d\u2019Ordino<\/p>\n<p><img loading=\"lazy\" decoding=\"async\" class=\"alignnone size-full wp-image-15987\" src=\"https:\/\/prometheus.museum\/wp-content\/uploads\/2022\/06\/ORDINO-002-OR_\u00a9EricRossell_ERV8212l.jpg\" alt=\"Ordino\" width=\"980\" height=\"653\" srcset=\"https:\/\/prometheus.museum\/wp-content\/uploads\/2022\/06\/ORDINO-002-OR_\u00a9EricRossell_ERV8212l.jpg 980w, https:\/\/prometheus.museum\/wp-content\/uploads\/2022\/06\/ORDINO-002-OR_\u00a9EricRossell_ERV8212l-300x200.jpg 300w, https:\/\/prometheus.museum\/wp-content\/uploads\/2022\/06\/ORDINO-002-OR_\u00a9EricRossell_ERV8212l-768x512.jpg 768w\" sizes=\"auto, (max-width: 980px) 100vw, 980px\" \/><br \/>\nFalles d\u2019Ordino. Fotografia: Associaci\u00f3 de fallaires d\u2019Ordino<\/p>\n<p><img loading=\"lazy\" decoding=\"async\" class=\"alignnone size-full wp-image-15992\" src=\"https:\/\/prometheus.museum\/wp-content\/uploads\/2022\/06\/ORDINO-003-OR_\u00a9EricRossell_ERV8165.jpg\" alt=\"Ordino\" width=\"980\" height=\"1470\" srcset=\"https:\/\/prometheus.museum\/wp-content\/uploads\/2022\/06\/ORDINO-003-OR_\u00a9EricRossell_ERV8165.jpg 980w, https:\/\/prometheus.museum\/wp-content\/uploads\/2022\/06\/ORDINO-003-OR_\u00a9EricRossell_ERV8165-200x300.jpg 200w, https:\/\/prometheus.museum\/wp-content\/uploads\/2022\/06\/ORDINO-003-OR_\u00a9EricRossell_ERV8165-683x1024.jpg 683w, https:\/\/prometheus.museum\/wp-content\/uploads\/2022\/06\/ORDINO-003-OR_\u00a9EricRossell_ERV8165-768x1152.jpg 768w\" sizes=\"auto, (max-width: 980px) 100vw, 980px\" \/><br \/>\nFalles d\u2019Ordino. Fotografia: Associaci\u00f3 de fallaires d\u2019Ordino<\/p>\n","protected":false},"excerpt":{"rendered":"<p>Perduda la tradici\u00f3 des de mitjans del segle passat, les falles d\u2019Ordino s\u00f3n una de les m\u00e9s joves recuperades al Principat d\u2019Andorra. Pr\u00e8viament a la cremada, el mateix dia, es fa la plantada del mai. La cremada comen\u00e7a a les 22.30 hores a la pla\u00e7a Major, amb la coreografia del Ball dels Fallaires i l&#8217;actuaci\u00f3 [&hellip;]<\/p>\n","protected":false},"author":1,"featured_media":0,"comment_status":"open","ping_status":"open","sticky":false,"template":"","format":"standard","meta":{"_monsterinsights_skip_tracking":false,"_monsterinsights_sitenote_active":false,"_monsterinsights_sitenote_note":"","_monsterinsights_sitenote_category":0,"_uf_show_specific_survey":0,"_uf_disable_surveys":false,"footnotes":""},"categories":[89],"tags":[],"class_list":["post-21954","post","type-post","status-publish","format-standard","hentry","category-andorra-categoria"],"_links":{"self":[{"href":"https:\/\/prometheus.museum\/ca\/wp-json\/wp\/v2\/posts\/21954","targetHints":{"allow":["GET"]}}],"collection":[{"href":"https:\/\/prometheus.museum\/ca\/wp-json\/wp\/v2\/posts"}],"about":[{"href":"https:\/\/prometheus.museum\/ca\/wp-json\/wp\/v2\/types\/post"}],"author":[{"embeddable":true,"href":"https:\/\/prometheus.museum\/ca\/wp-json\/wp\/v2\/users\/1"}],"replies":[{"embeddable":true,"href":"https:\/\/prometheus.museum\/ca\/wp-json\/wp\/v2\/comments?post=21954"}],"version-history":[{"count":2,"href":"https:\/\/prometheus.museum\/ca\/wp-json\/wp\/v2\/posts\/21954\/revisions"}],"predecessor-version":[{"id":22500,"href":"https:\/\/prometheus.museum\/ca\/wp-json\/wp\/v2\/posts\/21954\/revisions\/22500"}],"wp:attachment":[{"href":"https:\/\/prometheus.museum\/ca\/wp-json\/wp\/v2\/media?parent=21954"}],"wp:term":[{"taxonomy":"category","embeddable":true,"href":"https:\/\/prometheus.museum\/ca\/wp-json\/wp\/v2\/categories?post=21954"},{"taxonomy":"post_tag","embeddable":true,"href":"https:\/\/prometheus.museum\/ca\/wp-json\/wp\/v2\/tags?post=21954"}],"curies":[{"name":"wp","href":"https:\/\/api.w.org\/{rel}","templated":true}]}}