{"id":22306,"date":"2022-01-01T12:19:21","date_gmt":"2022-01-01T11:19:21","guid":{"rendered":"https:\/\/prometheus.museum\/anla-65\/"},"modified":"2022-10-05T09:30:20","modified_gmt":"2022-10-05T07:30:20","slug":"anlar","status":"publish","type":"post","link":"https:\/\/prometheus.museum\/ca\/anlar\/","title":{"rendered":"Anlar"},"content":{"rendered":"<p>El brand\u00f3 de Sant Joan es fa a Anlar: joves i menys joves del poble preparen un tronc (avet o faig) que servir\u00e0 de brand\u00f3. L&#8217;arbre es quilla i despr\u00e9s es divideix abans que s&#8217;insereixin unes cunyes. Un cop plantat al mig del poble, s&#8217;insereix palla en els buits, aix\u00ed com un ram a la part superior. El brand\u00f3 s&#8217;enc\u00e9n al voltant del 24 de juny, un divendres o dissabte. El municipi ofereix un \u00e0pat comunitari als habitants. A Anlar, els organitzadors del brand\u00f3 s\u00f3n la Casa Rural, l&#8217;Ajuntament i un grup de voluntaris.<\/p>\n<p>Nom franc\u00e8s: Anla<br \/>\nNom occit\u00e0: Anlar<\/p>\n<p><strong>M\u00e9s informaci\u00f3<\/strong> : <a href=\"https:\/\/tourisme-neste-barousse.fr\/site\/la-tradition-des-brandons\/\" target=\"_blank\" rel=\"noopener\">https:\/\/tourisme-neste-barousse.fr\/site\/la-tradition-des-brandons\/<\/a><\/p>\n<p><strong>Mail<\/strong> : mairie.anla@orange.fr<\/p>\n<p><strong>Xarxes socials<\/strong> :<\/p>\n<p><strong>Ajuntament<\/strong> : +33562992548<\/p>\n<p><img loading=\"lazy\" decoding=\"async\" class=\"alignnone size-full wp-image-10164\" src=\"https:\/\/prometheus.museum\/wp-content\/uploads\/2022\/05\/BAR-003-ANLA-P.jpg\" alt=\"\" width=\"980\" height=\"735\" srcset=\"https:\/\/prometheus.museum\/wp-content\/uploads\/2022\/05\/BAR-003-ANLA-P.jpg 980w, https:\/\/prometheus.museum\/wp-content\/uploads\/2022\/05\/BAR-003-ANLA-P-300x225.jpg 300w, https:\/\/prometheus.museum\/wp-content\/uploads\/2022\/05\/BAR-003-ANLA-P-768x576.jpg 768w, https:\/\/prometheus.museum\/wp-content\/uploads\/2022\/05\/BAR-003-ANLA-P-800x600.jpg 800w\" sizes=\"auto, (max-width: 980px) 100vw, 980px\" \/><\/p>\n<p>Brand\u00f3 a Anlar, juny de 2021\u00a9 Lucas Bayac\/CIRDOC-Institut occitan de cultura, juny de 2021.  <\/p>\n<p><img loading=\"lazy\" decoding=\"async\" class=\"alignnone size-full wp-image-10135\" src=\"https:\/\/prometheus.museum\/wp-content\/uploads\/2022\/05\/BAR-001-ANLA-P.jpg\" alt=\"\" width=\"980\" height=\"735\" srcset=\"https:\/\/prometheus.museum\/wp-content\/uploads\/2022\/05\/BAR-001-ANLA-P.jpg 980w, https:\/\/prometheus.museum\/wp-content\/uploads\/2022\/05\/BAR-001-ANLA-P-300x225.jpg 300w, https:\/\/prometheus.museum\/wp-content\/uploads\/2022\/05\/BAR-001-ANLA-P-768x576.jpg 768w, https:\/\/prometheus.museum\/wp-content\/uploads\/2022\/05\/BAR-001-ANLA-P-800x600.jpg 800w\" sizes=\"auto, (max-width: 980px) 100vw, 980px\" \/><\/p>\n<p>Inserci\u00f3 de les cantonades del tronc a Anlar \u00a9 Lucas Bayac\/CIRDOC-Institut occitan de cultura, juny de 2021.  <\/p>\n<p><img loading=\"lazy\" decoding=\"async\" class=\"alignnone size-full wp-image-10152\" src=\"https:\/\/prometheus.museum\/wp-content\/uploads\/2022\/05\/BAR-002-ANLA-P.jpg\" alt=\"\" width=\"980\" height=\"735\" srcset=\"https:\/\/prometheus.museum\/wp-content\/uploads\/2022\/05\/BAR-002-ANLA-P.jpg 980w, https:\/\/prometheus.museum\/wp-content\/uploads\/2022\/05\/BAR-002-ANLA-P-300x225.jpg 300w, https:\/\/prometheus.museum\/wp-content\/uploads\/2022\/05\/BAR-002-ANLA-P-768x576.jpg 768w, https:\/\/prometheus.museum\/wp-content\/uploads\/2022\/05\/BAR-002-ANLA-P-800x600.jpg 800w\" sizes=\"auto, (max-width: 980px) 100vw, 980px\" \/><\/p>\n<p>L&#8217;equip que prepara el brand\u00f3 \u00a9 Lucas Bayac\/CIRDOC-Institut occitan de cultura, juny de 2021.  <\/p>\n","protected":false},"excerpt":{"rendered":"<p>El brand\u00f3 de Sant Joan es fa a Anlar: joves i menys joves del poble preparen un tronc (avet o faig) que servir\u00e0 de brand\u00f3. L&#8217;arbre es quilla i despr\u00e9s es divideix abans que s&#8217;insereixin unes cunyes. Un cop plantat al mig del poble, s&#8217;insereix palla en els buits, aix\u00ed com un ram a la [&hellip;]<\/p>\n","protected":false},"author":1,"featured_media":0,"comment_status":"open","ping_status":"open","sticky":false,"template":"","format":"standard","meta":{"_monsterinsights_skip_tracking":false,"_monsterinsights_sitenote_active":false,"_monsterinsights_sitenote_note":"","_monsterinsights_sitenote_category":0,"_uf_show_specific_survey":0,"_uf_disable_surveys":false,"footnotes":""},"categories":[115],"tags":[],"class_list":["post-22306","post","type-post","status-publish","format-standard","hentry","category-france-ca"],"_links":{"self":[{"href":"https:\/\/prometheus.museum\/ca\/wp-json\/wp\/v2\/posts\/22306","targetHints":{"allow":["GET"]}}],"collection":[{"href":"https:\/\/prometheus.museum\/ca\/wp-json\/wp\/v2\/posts"}],"about":[{"href":"https:\/\/prometheus.museum\/ca\/wp-json\/wp\/v2\/types\/post"}],"author":[{"embeddable":true,"href":"https:\/\/prometheus.museum\/ca\/wp-json\/wp\/v2\/users\/1"}],"replies":[{"embeddable":true,"href":"https:\/\/prometheus.museum\/ca\/wp-json\/wp\/v2\/comments?post=22306"}],"version-history":[{"count":4,"href":"https:\/\/prometheus.museum\/ca\/wp-json\/wp\/v2\/posts\/22306\/revisions"}],"predecessor-version":[{"id":22392,"href":"https:\/\/prometheus.museum\/ca\/wp-json\/wp\/v2\/posts\/22306\/revisions\/22392"}],"wp:attachment":[{"href":"https:\/\/prometheus.museum\/ca\/wp-json\/wp\/v2\/media?parent=22306"}],"wp:term":[{"taxonomy":"category","embeddable":true,"href":"https:\/\/prometheus.museum\/ca\/wp-json\/wp\/v2\/categories?post=22306"},{"taxonomy":"post_tag","embeddable":true,"href":"https:\/\/prometheus.museum\/ca\/wp-json\/wp\/v2\/tags?post=22306"}],"curies":[{"name":"wp","href":"https:\/\/api.w.org\/{rel}","templated":true}]}}