{"id":22321,"date":"2022-05-08T15:42:44","date_gmt":"2022-05-08T13:42:44","guid":{"rendered":"https:\/\/prometheus.museum\/oo-31\/"},"modified":"2022-10-05T09:52:55","modified_gmt":"2022-10-05T07:52:55","slug":"ou","status":"publish","type":"post","link":"https:\/\/prometheus.museum\/ca\/ou\/","title":{"rendered":"\u00d2u"},"content":{"rendered":"<p>Al poble d&#8217;\u00d2u, el brand\u00f3 del dia de Sant Joan se celebra al mateix temps que la festa local que sol tenir lloc el segon cap de setmana de juliol. S&#8217;organitza un dinar, despr\u00e9s el brandon s&#8217;enc\u00e9n i es fan balls al voltant del foc. Els actors del brand\u00f3 s\u00f3n l&#8217;Ajuntament i la comissi\u00f3 de festes d&#8217;\u00d2u. <\/p>\n<p>Nom en franc\u00e8s: O\u00f4<br \/>\nNom en occit\u00e0: \u00d2u<\/p>\n<p><strong>M\u00e9s informaci\u00f3<\/strong> : https:\/\/cc-pyreneeshautgaronnaises.fr\/decouvrir\/patrimoine<\/p>\n<p><strong>Mail<\/strong> : mairie.oo@wanadoo.fr<\/p>\n<p><strong>Xarxes socials<\/strong> :<\/p>\n<p><strong>Ajuntament <\/strong> : +33561791430<\/p>\n<p><img loading=\"lazy\" decoding=\"async\" class=\"alignnone size-large wp-image-10202\" src=\"https:\/\/prometheus.museum\/wp-content\/uploads\/2022\/05\/COM-001-OO-P-683x1024.jpg\" alt=\"\" width=\"683\" height=\"1024\" srcset=\"https:\/\/prometheus.museum\/wp-content\/uploads\/2022\/05\/COM-001-OO-P-683x1024.jpg 683w, https:\/\/prometheus.museum\/wp-content\/uploads\/2022\/05\/COM-001-OO-P-200x300.jpg 200w, https:\/\/prometheus.museum\/wp-content\/uploads\/2022\/05\/COM-001-OO-P-768x1152.jpg 768w, https:\/\/prometheus.museum\/wp-content\/uploads\/2022\/05\/COM-001-OO-P.jpg 980w\" sizes=\"auto, (max-width: 683px) 100vw, 683px\" \/><\/p>\n<p>Brand\u00f3, 8 de juliol de 2017 \u00a9 CIRDOC-Institut occitan de cultura. <\/p>\n<p><img loading=\"lazy\" decoding=\"async\" class=\"alignnone size-full wp-image-10210\" src=\"https:\/\/prometheus.museum\/wp-content\/uploads\/2022\/05\/COM-002-OO-P.jpg\" alt=\"\" width=\"980\" height=\"653\" srcset=\"https:\/\/prometheus.museum\/wp-content\/uploads\/2022\/05\/COM-002-OO-P.jpg 980w, https:\/\/prometheus.museum\/wp-content\/uploads\/2022\/05\/COM-002-OO-P-300x200.jpg 300w, https:\/\/prometheus.museum\/wp-content\/uploads\/2022\/05\/COM-002-OO-P-768x512.jpg 768w\" sizes=\"auto, (max-width: 980px) 100vw, 980px\" \/><\/p>\n<p>El p\u00fablic espera la crema del brando\u00f3, 8 de juliol de 2017 \u00a9 CIRDOC-Institut occit\u00e0 de cultura. <\/p>\n<p><img loading=\"lazy\" decoding=\"async\" class=\"alignnone size-full wp-image-10217\" src=\"https:\/\/prometheus.museum\/wp-content\/uploads\/2022\/05\/COM-003-OO-P.jpg\" alt=\"\" width=\"980\" height=\"653\" srcset=\"https:\/\/prometheus.museum\/wp-content\/uploads\/2022\/05\/COM-003-OO-P.jpg 980w, https:\/\/prometheus.museum\/wp-content\/uploads\/2022\/05\/COM-003-OO-P-300x200.jpg 300w, https:\/\/prometheus.museum\/wp-content\/uploads\/2022\/05\/COM-003-OO-P-768x512.jpg 768w\" sizes=\"auto, (max-width: 980px) 100vw, 980px\" \/><\/p>\n<p>Crema del brand\u00f3, 8 de juliol de 2017 \u00a9 CIRDOC-Institut occit\u00e0 de cultura<\/p>\n<p><img loading=\"lazy\" decoding=\"async\" class=\"alignnone size-large wp-image-10223\" src=\"https:\/\/prometheus.museum\/wp-content\/uploads\/2022\/05\/COM-004-OO-P-683x1024.jpg\" alt=\"\" width=\"683\" height=\"1024\" srcset=\"https:\/\/prometheus.museum\/wp-content\/uploads\/2022\/05\/COM-004-OO-P-683x1024.jpg 683w, https:\/\/prometheus.museum\/wp-content\/uploads\/2022\/05\/COM-004-OO-P-200x300.jpg 200w, https:\/\/prometheus.museum\/wp-content\/uploads\/2022\/05\/COM-004-OO-P-768x1152.jpg 768w, https:\/\/prometheus.museum\/wp-content\/uploads\/2022\/05\/COM-004-OO-P.jpg 980w\" sizes=\"auto, (max-width: 683px) 100vw, 683px\" \/><\/p>\n<p>Brand\u00f3, moment festiu per\u00f2 tamb\u00e9 rom\u00e0ntic, 8 de juliol de 2017 \u00a9 CIRDOC-Institut occitan de cultura. <\/p>\n<p><img loading=\"lazy\" decoding=\"async\" class=\"alignnone size-full wp-image-10228\" src=\"https:\/\/prometheus.museum\/wp-content\/uploads\/2022\/05\/COM-005-OO-P.jpg\" alt=\"\" width=\"980\" height=\"658\" srcset=\"https:\/\/prometheus.museum\/wp-content\/uploads\/2022\/05\/COM-005-OO-P.jpg 980w, https:\/\/prometheus.museum\/wp-content\/uploads\/2022\/05\/COM-005-OO-P-300x201.jpg 300w, https:\/\/prometheus.museum\/wp-content\/uploads\/2022\/05\/COM-005-OO-P-768x516.jpg 768w\" sizes=\"auto, (max-width: 980px) 100vw, 980px\" \/><\/p>\n<p>Crema del brand\u00f3, 8 de juliol de 2017 \u00a9 CIRDOC-Institut occit\u00e0 de cultura<\/p>\n","protected":false},"excerpt":{"rendered":"<p>Al poble d&#8217;\u00d2u, el brand\u00f3 del dia de Sant Joan se celebra al mateix temps que la festa local que sol tenir lloc el segon cap de setmana de juliol. S&#8217;organitza un dinar, despr\u00e9s el brandon s&#8217;enc\u00e9n i es fan balls al voltant del foc. Els actors del brand\u00f3 s\u00f3n l&#8217;Ajuntament i la comissi\u00f3 de [&hellip;]<\/p>\n","protected":false},"author":1,"featured_media":0,"comment_status":"open","ping_status":"open","sticky":false,"template":"","format":"standard","meta":{"_monsterinsights_skip_tracking":false,"_monsterinsights_sitenote_active":false,"_monsterinsights_sitenote_note":"","_monsterinsights_sitenote_category":0,"_uf_show_specific_survey":0,"_uf_disable_surveys":false,"footnotes":""},"categories":[115],"tags":[],"class_list":["post-22321","post","type-post","status-publish","format-standard","hentry","category-france-ca"],"_links":{"self":[{"href":"https:\/\/prometheus.museum\/ca\/wp-json\/wp\/v2\/posts\/22321","targetHints":{"allow":["GET"]}}],"collection":[{"href":"https:\/\/prometheus.museum\/ca\/wp-json\/wp\/v2\/posts"}],"about":[{"href":"https:\/\/prometheus.museum\/ca\/wp-json\/wp\/v2\/types\/post"}],"author":[{"embeddable":true,"href":"https:\/\/prometheus.museum\/ca\/wp-json\/wp\/v2\/users\/1"}],"replies":[{"embeddable":true,"href":"https:\/\/prometheus.museum\/ca\/wp-json\/wp\/v2\/comments?post=22321"}],"version-history":[{"count":3,"href":"https:\/\/prometheus.museum\/ca\/wp-json\/wp\/v2\/posts\/22321\/revisions"}],"predecessor-version":[{"id":22414,"href":"https:\/\/prometheus.museum\/ca\/wp-json\/wp\/v2\/posts\/22321\/revisions\/22414"}],"wp:attachment":[{"href":"https:\/\/prometheus.museum\/ca\/wp-json\/wp\/v2\/media?parent=22321"}],"wp:term":[{"taxonomy":"category","embeddable":true,"href":"https:\/\/prometheus.museum\/ca\/wp-json\/wp\/v2\/categories?post=22321"},{"taxonomy":"post_tag","embeddable":true,"href":"https:\/\/prometheus.museum\/ca\/wp-json\/wp\/v2\/tags?post=22321"}],"curies":[{"name":"wp","href":"https:\/\/api.w.org\/{rel}","templated":true}]}}