{"id":22326,"date":"2022-05-08T15:53:40","date_gmt":"2022-05-08T13:53:40","guid":{"rendered":"https:\/\/prometheus.museum\/sainte-marie-65\/"},"modified":"2022-10-05T10:00:57","modified_gmt":"2022-10-05T08:00:57","slug":"senta-maria-de-varossa","status":"publish","type":"post","link":"https:\/\/prometheus.museum\/ca\/senta-maria-de-varossa\/","title":{"rendered":"Senta Maria de Varossa"},"content":{"rendered":"<p>Al poble de Senta Maria de Varossa es prepara un brand\u00f3 segons les t\u00e8cniques tradicionals: el tronc es divideix i despr\u00e9s es col\u00b7loquen cantonades de fusta a les ranures per assecar-lo. Despr\u00e9s \u00e9s quilla a l&#8217;entrada del poble. La festa del brand\u00f3 de Sant Joan est\u00e0 organitzada per la Comissi\u00f3 de les Festes de Santa Maria.<\/p>\n<p>Nom en franc\u00e8s: Sainte-Marie<br \/>\nNom en occit\u00e0: Sente Maria de Varossa<\/p>\n<p><strong>M\u00e9s informaci\u00f3<\/strong> : https:\/\/tourisme-neste-barousse.fr\/site\/la-tradition-des-brandons\/<\/p>\n<p><strong>Mail<\/strong> : commune-de-sainte-marie@orange.fr<\/p>\n<p><strong>Xarxes socials<\/strong> :<\/p>\n<p><strong>Ajuntament <\/strong> : +33562993836<\/p>\n<p><img loading=\"lazy\" decoding=\"async\" class=\"alignnone size-large wp-image-10146\" src=\"https:\/\/prometheus.museum\/wp-content\/uploads\/2022\/05\/BAR-001-SAINTEMARIE-P-768x1024.jpg\" alt=\"\" width=\"768\" height=\"1024\" srcset=\"https:\/\/prometheus.museum\/wp-content\/uploads\/2022\/05\/BAR-001-SAINTEMARIE-P-768x1024.jpg 768w, https:\/\/prometheus.museum\/wp-content\/uploads\/2022\/05\/BAR-001-SAINTEMARIE-P-225x300.jpg 225w, https:\/\/prometheus.museum\/wp-content\/uploads\/2022\/05\/BAR-001-SAINTEMARIE-P-600x800.jpg 600w, https:\/\/prometheus.museum\/wp-content\/uploads\/2022\/05\/BAR-001-SAINTEMARIE-P.jpg 980w\" sizes=\"auto, (max-width: 768px) 100vw, 768px\" \/><\/p>\n<p>El brand\u00f3 \u00e9s quilla per Sant Joan, 22 de juny de 2018 \u00a9 Patricia Heiniger-Cast\u00e9ret<\/p>\n<p><img loading=\"lazy\" decoding=\"async\" class=\"alignnone size-large wp-image-10159\" src=\"https:\/\/prometheus.museum\/wp-content\/uploads\/2022\/05\/BAR-002-SAINTEMARIE-P-537x1024.jpg\" alt=\"\" width=\"537\" height=\"1024\" srcset=\"https:\/\/prometheus.museum\/wp-content\/uploads\/2022\/05\/BAR-002-SAINTEMARIE-P-537x1024.jpg 537w, https:\/\/prometheus.museum\/wp-content\/uploads\/2022\/05\/BAR-002-SAINTEMARIE-P-157x300.jpg 157w, https:\/\/prometheus.museum\/wp-content\/uploads\/2022\/05\/BAR-002-SAINTEMARIE-P-768x1465.jpg 768w, https:\/\/prometheus.museum\/wp-content\/uploads\/2022\/05\/BAR-002-SAINTEMARIE-P-805x1536.jpg 805w, https:\/\/prometheus.museum\/wp-content\/uploads\/2022\/05\/BAR-002-SAINTEMARIE-P.jpg 980w\" sizes=\"auto, (max-width: 537px) 100vw, 537px\" \/><\/p>\n<p>Detall del treball de ranures i racons, 22 de juny de 2018 \u00a9 Patricia Heiniger-Cast\u00e9ret. <\/p>\n<p><img loading=\"lazy\" decoding=\"async\" class=\"alignnone size-large wp-image-10170\" src=\"https:\/\/prometheus.museum\/wp-content\/uploads\/2022\/05\/BAR-003-SAINTEMARIE-P-768x1024.jpg\" alt=\"\" width=\"768\" height=\"1024\" srcset=\"https:\/\/prometheus.museum\/wp-content\/uploads\/2022\/05\/BAR-003-SAINTEMARIE-P-768x1024.jpg 768w, https:\/\/prometheus.museum\/wp-content\/uploads\/2022\/05\/BAR-003-SAINTEMARIE-P-225x300.jpg 225w, https:\/\/prometheus.museum\/wp-content\/uploads\/2022\/05\/BAR-003-SAINTEMARIE-P-600x800.jpg 600w, https:\/\/prometheus.museum\/wp-content\/uploads\/2022\/05\/BAR-003-SAINTEMARIE-P.jpg 980w\" sizes=\"auto, (max-width: 768px) 100vw, 768px\" \/><\/p>\n<p>Brand\u00f3 dividit i quillat per a la festa 2021, 25 de juny de 2021 \u00a9 Mathilde Lamothe\/CIRDOC-Institut occitan de cultura. <\/p>\n","protected":false},"excerpt":{"rendered":"<p>Al poble de Senta Maria de Varossa es prepara un brand\u00f3 segons les t\u00e8cniques tradicionals: el tronc es divideix i despr\u00e9s es col\u00b7loquen cantonades de fusta a les ranures per assecar-lo. Despr\u00e9s \u00e9s quilla a l&#8217;entrada del poble. La festa del brand\u00f3 de Sant Joan est\u00e0 organitzada per la Comissi\u00f3 de les Festes de Santa [&hellip;]<\/p>\n","protected":false},"author":1,"featured_media":0,"comment_status":"open","ping_status":"open","sticky":false,"template":"","format":"standard","meta":{"_monsterinsights_skip_tracking":false,"_monsterinsights_sitenote_active":false,"_monsterinsights_sitenote_note":"","_monsterinsights_sitenote_category":0,"_uf_show_specific_survey":0,"_uf_disable_surveys":false,"footnotes":""},"categories":[115],"tags":[],"class_list":["post-22326","post","type-post","status-publish","format-standard","hentry","category-france-ca"],"_links":{"self":[{"href":"https:\/\/prometheus.museum\/ca\/wp-json\/wp\/v2\/posts\/22326","targetHints":{"allow":["GET"]}}],"collection":[{"href":"https:\/\/prometheus.museum\/ca\/wp-json\/wp\/v2\/posts"}],"about":[{"href":"https:\/\/prometheus.museum\/ca\/wp-json\/wp\/v2\/types\/post"}],"author":[{"embeddable":true,"href":"https:\/\/prometheus.museum\/ca\/wp-json\/wp\/v2\/users\/1"}],"replies":[{"embeddable":true,"href":"https:\/\/prometheus.museum\/ca\/wp-json\/wp\/v2\/comments?post=22326"}],"version-history":[{"count":3,"href":"https:\/\/prometheus.museum\/ca\/wp-json\/wp\/v2\/posts\/22326\/revisions"}],"predecessor-version":[{"id":22419,"href":"https:\/\/prometheus.museum\/ca\/wp-json\/wp\/v2\/posts\/22326\/revisions\/22419"}],"wp:attachment":[{"href":"https:\/\/prometheus.museum\/ca\/wp-json\/wp\/v2\/media?parent=22326"}],"wp:term":[{"taxonomy":"category","embeddable":true,"href":"https:\/\/prometheus.museum\/ca\/wp-json\/wp\/v2\/categories?post=22326"},{"taxonomy":"post_tag","embeddable":true,"href":"https:\/\/prometheus.museum\/ca\/wp-json\/wp\/v2\/tags?post=22326"}],"curies":[{"name":"wp","href":"https:\/\/api.w.org\/{rel}","templated":true}]}}