{"id":22327,"date":"2022-05-08T15:50:40","date_gmt":"2022-05-08T13:50:40","guid":{"rendered":"https:\/\/prometheus.museum\/saint-mamet-31\/"},"modified":"2022-10-05T10:02:07","modified_gmt":"2022-10-05T08:02:07","slug":"sent-memet","status":"publish","type":"post","link":"https:\/\/prometheus.museum\/ca\/sent-memet\/","title":{"rendered":"Sent Memet"},"content":{"rendered":"<p>Al poble de Sent Mamet, el brand\u00f3 est\u00e0 organitzat tant per l&#8217;ajuntament i per la comissi\u00f3 de festes. Els treballadors comunals s\u00f3n els encarregats de preparar l&#8217;arbre que es cremar\u00e0, mentre que la comissi\u00f3 de festes s&#8217;encarrega de l&#8217;animaci\u00f3 de la vetllada. La data del brandon es fixa en un dissabte, depenent dels brandons d&#8217;altres municipis com Banh\u00e8res de Luishon i Montauban de Luishon.<\/p>\n<p>Nom en franc\u00e8s: Saint-Mamet<br \/>\nNom en occit\u00e0: Sent Memet<\/p>\n<p><strong>M\u00e9s informaci\u00f3<\/strong> : https:\/\/cc-pyreneeshautgaronnaises.fr\/decouvrir\/patrimoine, https:\/\/www.saint-mamet31.fr\/fr\/animations\/brandon.html<\/p>\n<p><strong>Mail<\/strong> : mairiesaint-mamet@wanadoo.fr<\/p>\n<p><strong>Xarxes socials<\/strong> :<\/p>\n<p><strong>Ajuntament <\/strong> : +33561790397<\/p>\n<p><img loading=\"lazy\" decoding=\"async\" class=\"alignnone size-full wp-image-10204\" src=\"https:\/\/prometheus.museum\/wp-content\/uploads\/2022\/05\/COM-001-SAINTMAMET-P.jpg\" alt=\"\" width=\"980\" height=\"736\" srcset=\"https:\/\/prometheus.museum\/wp-content\/uploads\/2022\/05\/COM-001-SAINTMAMET-P.jpg 980w, https:\/\/prometheus.museum\/wp-content\/uploads\/2022\/05\/COM-001-SAINTMAMET-P-300x225.jpg 300w, https:\/\/prometheus.museum\/wp-content\/uploads\/2022\/05\/COM-001-SAINTMAMET-P-768x577.jpg 768w, https:\/\/prometheus.museum\/wp-content\/uploads\/2022\/05\/COM-001-SAINTMAMET-P-800x600.jpg 800w\" sizes=\"auto, (max-width: 980px) 100vw, 980px\" \/><\/p>\n<p>Mulching del brand\u00f3, 16 de juny de 2018 \u00a9 Ajuntament de Sent Mamet<\/p>\n<p><img loading=\"lazy\" decoding=\"async\" class=\"alignnone size-large wp-image-10212\" src=\"https:\/\/prometheus.museum\/wp-content\/uploads\/2022\/05\/COM-002-SAINTMAMET-P-768x1024.jpg\" alt=\"\" width=\"768\" height=\"1024\" srcset=\"https:\/\/prometheus.museum\/wp-content\/uploads\/2022\/05\/COM-002-SAINTMAMET-P-768x1024.jpg 768w, https:\/\/prometheus.museum\/wp-content\/uploads\/2022\/05\/COM-002-SAINTMAMET-P-225x300.jpg 225w, https:\/\/prometheus.museum\/wp-content\/uploads\/2022\/05\/COM-002-SAINTMAMET-P-600x800.jpg 600w, https:\/\/prometheus.museum\/wp-content\/uploads\/2022\/05\/COM-002-SAINTMAMET-P.jpg 980w\" sizes=\"auto, (max-width: 768px) 100vw, 768px\" \/><\/p>\n<p>El brand\u00f3, encoixinat i decorat, est\u00e0 a punt per a la crema, 16 de juny de 2018 \u00a9 Ajuntament de Sent Mamet. <\/p>\n<p><img loading=\"lazy\" decoding=\"async\" class=\"alignnone size-large wp-image-10219\" src=\"https:\/\/prometheus.museum\/wp-content\/uploads\/2022\/05\/COM-003-SAINTMAMET-P-681x1024.jpg\" alt=\"\" width=\"681\" height=\"1024\" srcset=\"https:\/\/prometheus.museum\/wp-content\/uploads\/2022\/05\/COM-003-SAINTMAMET-P-681x1024.jpg 681w, https:\/\/prometheus.museum\/wp-content\/uploads\/2022\/05\/COM-003-SAINTMAMET-P-199x300.jpg 199w, https:\/\/prometheus.museum\/wp-content\/uploads\/2022\/05\/COM-003-SAINTMAMET-P-768x1155.jpg 768w, https:\/\/prometheus.museum\/wp-content\/uploads\/2022\/05\/COM-003-SAINTMAMET-P.jpg 980w\" sizes=\"auto, (max-width: 681px) 100vw, 681px\" \/><\/p>\n<p>Crema del brand\u00f3 de Saint-Jean, 18 de juny de 2018 \u00a9 Ajuntament de Sent Mamet.  <\/p>\n<p><img loading=\"lazy\" decoding=\"async\" class=\"alignnone size-large wp-image-10224\" src=\"https:\/\/prometheus.museum\/wp-content\/uploads\/2022\/05\/COM-004-SAINTMAMET-P-681x1024.jpg\" alt=\"\" width=\"681\" height=\"1024\" srcset=\"https:\/\/prometheus.museum\/wp-content\/uploads\/2022\/05\/COM-004-SAINTMAMET-P-681x1024.jpg 681w, https:\/\/prometheus.museum\/wp-content\/uploads\/2022\/05\/COM-004-SAINTMAMET-P-199x300.jpg 199w, https:\/\/prometheus.museum\/wp-content\/uploads\/2022\/05\/COM-004-SAINTMAMET-P-768x1155.jpg 768w, https:\/\/prometheus.museum\/wp-content\/uploads\/2022\/05\/COM-004-SAINTMAMET-P.jpg 980w\" sizes=\"auto, (max-width: 681px) 100vw, 681px\" \/><\/p>\n<p>El p\u00fablic contempla el final de la crema del Brand\u00f3 de Sant Joan, 18 de juny de 2018 \u00a9 Mairie de Sent Mamet. <\/p>\n","protected":false},"excerpt":{"rendered":"<p>Al poble de Sent Mamet, el brand\u00f3 est\u00e0 organitzat tant per l&#8217;ajuntament i per la comissi\u00f3 de festes. Els treballadors comunals s\u00f3n els encarregats de preparar l&#8217;arbre que es cremar\u00e0, mentre que la comissi\u00f3 de festes s&#8217;encarrega de l&#8217;animaci\u00f3 de la vetllada. La data del brandon es fixa en un dissabte, depenent dels brandons d&#8217;altres [&hellip;]<\/p>\n","protected":false},"author":1,"featured_media":0,"comment_status":"open","ping_status":"open","sticky":false,"template":"","format":"standard","meta":{"_monsterinsights_skip_tracking":false,"_monsterinsights_sitenote_active":false,"_monsterinsights_sitenote_note":"","_monsterinsights_sitenote_category":0,"_uf_show_specific_survey":0,"_uf_disable_surveys":false,"footnotes":""},"categories":[115],"tags":[],"class_list":["post-22327","post","type-post","status-publish","format-standard","hentry","category-france-ca"],"_links":{"self":[{"href":"https:\/\/prometheus.museum\/ca\/wp-json\/wp\/v2\/posts\/22327","targetHints":{"allow":["GET"]}}],"collection":[{"href":"https:\/\/prometheus.museum\/ca\/wp-json\/wp\/v2\/posts"}],"about":[{"href":"https:\/\/prometheus.museum\/ca\/wp-json\/wp\/v2\/types\/post"}],"author":[{"embeddable":true,"href":"https:\/\/prometheus.museum\/ca\/wp-json\/wp\/v2\/users\/1"}],"replies":[{"embeddable":true,"href":"https:\/\/prometheus.museum\/ca\/wp-json\/wp\/v2\/comments?post=22327"}],"version-history":[{"count":4,"href":"https:\/\/prometheus.museum\/ca\/wp-json\/wp\/v2\/posts\/22327\/revisions"}],"predecessor-version":[{"id":22420,"href":"https:\/\/prometheus.museum\/ca\/wp-json\/wp\/v2\/posts\/22327\/revisions\/22420"}],"wp:attachment":[{"href":"https:\/\/prometheus.museum\/ca\/wp-json\/wp\/v2\/media?parent=22327"}],"wp:term":[{"taxonomy":"category","embeddable":true,"href":"https:\/\/prometheus.museum\/ca\/wp-json\/wp\/v2\/categories?post=22327"},{"taxonomy":"post_tag","embeddable":true,"href":"https:\/\/prometheus.museum\/ca\/wp-json\/wp\/v2\/tags?post=22327"}],"curies":[{"name":"wp","href":"https:\/\/api.w.org\/{rel}","templated":true}]}}