{"id":22556,"date":"2022-06-13T16:22:32","date_gmt":"2022-06-13T14:22:32","guid":{"rendered":"https:\/\/prometheus.museum\/erill-la-vall\/"},"modified":"2022-10-13T21:55:40","modified_gmt":"2022-10-13T19:55:40","slug":"erill-la-vall","status":"publish","type":"post","link":"https:\/\/prometheus.museum\/es\/erill-la-vall\/","title":{"rendered":"Erill la Vall"},"content":{"rendered":"<p>En Erill la Vall la celebraci\u00f3n sigue el esquema habitual de las fiestas del Vall de Bo\u00ed, que consiste en el descenso de las fallas desde el faro. Las fallas siguen tambi\u00e9n el modelo de la falla ribagorzana: cuatro astillas de pino clavadas en el extremo de un <em>totxo<\/em> de avellano y reforzadas con alambre. Se confeccionan con pino verde, cortado unas semanas antes, preferentemente liso y sin muchos nudos. El faro actual est\u00e1 a 1.450 m., en un lugar con magn\u00edficas vistas del valle. A medio camino, se plantan dos faros m\u00e1s peque\u00f1os y cercanos para quienes no quieran realizar el trayecto largo: el faro de los medianos y el faro para los ni\u00f1os y ni\u00f1as. Este \u00faltimo, a la entrada del pueblo.<\/p>\n<p>La noche de las fallas, en julio y coincidiendo con la Fiesta Mayor, se sube hasta el faro para encenderlo y, con su fuego, se encienden las fallas y se baja hasta el pueblo formando un largo camino de fuego. El recorrido de la bajada y su excelente visi\u00f3n desde abajo han hecho que las fallas de Erill La Vall se hayan convertido en una de las m\u00e1s conocidas. Al llegar al pueblo, las personas que llevan fallas empiezan a correr por la calle del Tarter hasta la Plaza de Dalt y dan varias vueltas por el pueblo. La fiesta culmina con el encendido de una gran hoguera y bailes hasta la madrugada.<\/p>\n<p><strong>M\u00e1s informaci\u00f3n<\/strong> : <a href=\"https:\/\/www.vallboi.cat\/ca\/falles\" target=\"_blank\" rel=\"noopener\">https:\/\/www.vallboi.cat\/ca\/falles<\/a><br \/>\n<strong>Instagram<\/strong> : <a href=\"https:\/\/www.instagram.com\/valldeboi\/\" target=\"_blank\" rel=\"noopener\">https:\/\/www.instagram.com\/valldeboi\/<\/a> #falleserilllavall<br \/>\n<strong>Twitter<\/strong> : <a href=\"https:\/\/twitter.com\/ValldeBoi\" target=\"_blank\" rel=\"noopener\">https:\/\/twitter.com\/ValldeBoi<\/a><br \/>\n<strong>Facebook<\/strong> : <a href=\"https:\/\/www.facebook.com\/ValldeBoi\" target=\"_blank\" rel=\"noopener\">https:\/\/www.facebook.com\/ValldeBoi<\/a><br \/>\n<strong>Tel. Ayuntamiento<\/strong>: +34 973 69 40 00<\/p>\n<p><strong>Para saber m\u00e1s :<\/strong><br \/>\nRiart, O. i Jord\u00e0 S. (2012). \u201cCatalogaci\u00f3 de les falles al Pirineu. Descripci\u00f3 dels processos i elements fallaires\u201d,\u00a0<em>Revista d\u2019Etnologia de Catalunya<\/em>, n\u00ba38, 162-173.<br \/>\nRiart, O. i Jord\u00e0, S. (2016).\u00a0<em>Les falles del Pirineu. L\u2019Alta Ribagor\u00e7a i el Pallars Sobir\u00e0<\/em>. Lleida: Pag\u00e8s editors.<br \/>\nRicart, S. i Farr\u00e9, X. (2012).\u00a0<em>Foc al faro, la festa de les falles al Pirineu<\/em>. Ta\u00fcll: AlpinArt.<br \/>\nFarr\u00e9 Sah\u00fan, X.; Ricart, S. (2016) <em>Foc al faro. <\/em><em>La fiesta de las fallas en el Pirineo. <\/em>Zaragoza: Prames<\/p>\n<p><strong>Fotos y v\u00eddeos<\/strong><\/p>\n<p>Fallas de Erill la Vall. Vall de Bo\u00ed (canal oficial)<br \/>\n<a href=\"https:\/\/www.youtube.com\/watch?v=a0_otv9nOkE\" target=\"_blank\" rel=\"noopener\">https:\/\/www.youtube.com\/watch?v=a0_otv9nOkE<\/a><\/p>\n<p>Fallas en Vall de Bo\u00ed<br \/>\n<a href=\"https:\/\/www.youtube.com\/watch?v=GopGrlDalNE\" target=\"_blank\" rel=\"noopener\">https:\/\/www.youtube.com\/watch?v=GopGrlDalNE<\/a><\/p>\n<p><img loading=\"lazy\" decoding=\"async\" class=\"alignnone size-full wp-image-15859\" src=\"https:\/\/prometheus.museum\/wp-content\/uploads\/2022\/06\/ERILL-001-Riart-ORA-ERILL-2008_1570-RED.jpg\" alt=\"Erill la Vall\" width=\"980\" height=\"653\" srcset=\"https:\/\/prometheus.museum\/wp-content\/uploads\/2022\/06\/ERILL-001-Riart-ORA-ERILL-2008_1570-RED.jpg 980w, https:\/\/prometheus.museum\/wp-content\/uploads\/2022\/06\/ERILL-001-Riart-ORA-ERILL-2008_1570-RED-300x200.jpg 300w, https:\/\/prometheus.museum\/wp-content\/uploads\/2022\/06\/ERILL-001-Riart-ORA-ERILL-2008_1570-RED-768x512.jpg 768w\" sizes=\"auto, (max-width: 980px) 100vw, 980px\" \/><br \/>\nFallas antes de ser subidas al faro. Erill la Vall, Vall de Bo\u00ed, Alta Ribagor\u00e7a, Catalu\u00f1a. 2008. Fotograf\u00eda: Oriol Riart.<\/p>\n<p><img loading=\"lazy\" decoding=\"async\" class=\"alignnone size-full wp-image-15864\" src=\"https:\/\/prometheus.museum\/wp-content\/uploads\/2022\/06\/ERILL-002-Riart-ORA-ERILL-2008_1662-RED.jpg\" alt=\"Erill la Vall\" width=\"980\" height=\"653\" srcset=\"https:\/\/prometheus.museum\/wp-content\/uploads\/2022\/06\/ERILL-002-Riart-ORA-ERILL-2008_1662-RED.jpg 980w, https:\/\/prometheus.museum\/wp-content\/uploads\/2022\/06\/ERILL-002-Riart-ORA-ERILL-2008_1662-RED-300x200.jpg 300w, https:\/\/prometheus.museum\/wp-content\/uploads\/2022\/06\/ERILL-002-Riart-ORA-ERILL-2008_1662-RED-768x512.jpg 768w\" sizes=\"auto, (max-width: 980px) 100vw, 980px\" \/><br \/>\nEncendido de las fallas. Erill la Vall, Vall de Bo\u00ed, Alta Ribagor\u00e7a, Catalu\u00f1a .2008. Fotograf\u00eda: Oriol Riart.<\/p>\n<p><img loading=\"lazy\" decoding=\"async\" class=\"alignnone size-full wp-image-15869\" src=\"https:\/\/prometheus.museum\/wp-content\/uploads\/2022\/06\/ERILL-003-Riart-ORA-ERILL-2009_4601-22-GR-RED.jpg\" alt=\"Erill la Vall\" width=\"980\" height=\"1470\" srcset=\"https:\/\/prometheus.museum\/wp-content\/uploads\/2022\/06\/ERILL-003-Riart-ORA-ERILL-2009_4601-22-GR-RED.jpg 980w, https:\/\/prometheus.museum\/wp-content\/uploads\/2022\/06\/ERILL-003-Riart-ORA-ERILL-2009_4601-22-GR-RED-200x300.jpg 200w, https:\/\/prometheus.museum\/wp-content\/uploads\/2022\/06\/ERILL-003-Riart-ORA-ERILL-2009_4601-22-GR-RED-683x1024.jpg 683w, https:\/\/prometheus.museum\/wp-content\/uploads\/2022\/06\/ERILL-003-Riart-ORA-ERILL-2009_4601-22-GR-RED-768x1152.jpg 768w\" sizes=\"auto, (max-width: 980px) 100vw, 980px\" \/><br \/>\nCargando una falla. Erill la Vall, Vall de Bo\u00ed, Alta Ribagor\u00e7a, Catalu\u00f1a 2008. Fotograf\u00eda: Oriol Riart.<\/p>\n","protected":false},"excerpt":{"rendered":"<p>En Erill la Vall la celebraci\u00f3n sigue el esquema habitual de las fiestas del Vall de Bo\u00ed, que consiste en el descenso de las fallas desde el faro. Las fallas siguen tambi\u00e9n el modelo de la falla ribagorzana: cuatro astillas de pino clavadas en el extremo de un totxo de avellano y reforzadas con alambre. [&hellip;]<\/p>\n","protected":false},"author":1,"featured_media":0,"comment_status":"open","ping_status":"open","sticky":false,"template":"","format":"standard","meta":{"_monsterinsights_skip_tracking":false,"_monsterinsights_sitenote_active":false,"_monsterinsights_sitenote_note":"","_monsterinsights_sitenote_category":0,"_uf_show_specific_survey":0,"_uf_disable_surveys":false,"footnotes":""},"categories":[117],"tags":[],"class_list":["post-22556","post","type-post","status-publish","format-standard","hentry","category-espagne-es"],"_links":{"self":[{"href":"https:\/\/prometheus.museum\/es\/wp-json\/wp\/v2\/posts\/22556","targetHints":{"allow":["GET"]}}],"collection":[{"href":"https:\/\/prometheus.museum\/es\/wp-json\/wp\/v2\/posts"}],"about":[{"href":"https:\/\/prometheus.museum\/es\/wp-json\/wp\/v2\/types\/post"}],"author":[{"embeddable":true,"href":"https:\/\/prometheus.museum\/es\/wp-json\/wp\/v2\/users\/1"}],"replies":[{"embeddable":true,"href":"https:\/\/prometheus.museum\/es\/wp-json\/wp\/v2\/comments?post=22556"}],"version-history":[{"count":3,"href":"https:\/\/prometheus.museum\/es\/wp-json\/wp\/v2\/posts\/22556\/revisions"}],"predecessor-version":[{"id":22895,"href":"https:\/\/prometheus.museum\/es\/wp-json\/wp\/v2\/posts\/22556\/revisions\/22895"}],"wp:attachment":[{"href":"https:\/\/prometheus.museum\/es\/wp-json\/wp\/v2\/media?parent=22556"}],"wp:term":[{"taxonomy":"category","embeddable":true,"href":"https:\/\/prometheus.museum\/es\/wp-json\/wp\/v2\/categories?post=22556"},{"taxonomy":"post_tag","embeddable":true,"href":"https:\/\/prometheus.museum\/es\/wp-json\/wp\/v2\/tags?post=22556"}],"curies":[{"name":"wp","href":"https:\/\/api.w.org\/{rel}","templated":true}]}}