{"id":22560,"date":"2022-05-08T15:14:50","date_gmt":"2022-05-08T13:14:50","guid":{"rendered":"https:\/\/prometheus.museum\/gembrie-65\/"},"modified":"2022-10-13T14:42:29","modified_gmt":"2022-10-13T12:42:29","slug":"gembrie-65","status":"publish","type":"post","link":"https:\/\/prometheus.museum\/es\/gembrie-65\/","title":{"rendered":"Gembria"},"content":{"rendered":"<p>En el pueblo de Gembrie, el brandon se divide en mayo y luego, el d\u00eda del festival, se llena de paja y un ramo de flores lo corona en la parte superior. Esta es una acci\u00f3n colectiva del pueblo ya que muchos miembros de la Casa Rural tambi\u00e9n pertenecen al consejo municipal. La fiesta tiene lugar el \u00faltimo s\u00e1bado de junio.<\/p>\n<p>Nombre en franc\u00e9s: Gembrie<br \/>\nNombre en occitano: Gembria <\/p>\n<p><strong>M\u00e1s informaci\u00f3n<\/strong> : https:\/\/tourisme-neste-barousse.fr\/site\/la-tradition-des-brandons\/<\/p>\n<p><strong>Correo electr\u00f3nico<\/strong> : mairiegembrie@wanadoo.fr<\/p>\n<p><strong>Redes sociales<\/strong> :<\/p>\n<p><strong>Tel. Ayuntamiento<\/strong> : +33562392417<\/p>\n<p><img loading=\"lazy\" decoding=\"async\" class=\"alignnone size-large wp-image-10142\" src=\"https:\/\/prometheus.museum\/wp-content\/uploads\/2022\/05\/BAR-001-GEMBRIE-P-768x1024.jpg\" alt=\"\" width=\"768\" height=\"1024\" srcset=\"https:\/\/prometheus.museum\/wp-content\/uploads\/2022\/05\/BAR-001-GEMBRIE-P-768x1024.jpg 768w, https:\/\/prometheus.museum\/wp-content\/uploads\/2022\/05\/BAR-001-GEMBRIE-P-225x300.jpg 225w, https:\/\/prometheus.museum\/wp-content\/uploads\/2022\/05\/BAR-001-GEMBRIE-P-600x800.jpg 600w, https:\/\/prometheus.museum\/wp-content\/uploads\/2022\/05\/BAR-001-GEMBRIE-P.jpg 980w\" sizes=\"auto, (max-width: 768px) 100vw, 768px\" \/><\/p>\n<p>El brandon se divide y quilla, 18 de mayo de 2015 \u00a9 CC Neste-Barousse<\/p>\n","protected":false},"excerpt":{"rendered":"<p>En el pueblo de Gembrie, el brandon se divide en mayo y luego, el d\u00eda del festival, se llena de paja y un ramo de flores lo corona en la parte superior. Esta es una acci\u00f3n colectiva del pueblo ya que muchos miembros de la Casa Rural tambi\u00e9n pertenecen al consejo municipal. La fiesta tiene [&hellip;]<\/p>\n","protected":false},"author":1,"featured_media":0,"comment_status":"open","ping_status":"open","sticky":false,"template":"","format":"standard","meta":{"_monsterinsights_skip_tracking":false,"_monsterinsights_sitenote_active":false,"_monsterinsights_sitenote_note":"","_monsterinsights_sitenote_category":0,"_uf_show_specific_survey":0,"_uf_disable_surveys":false,"footnotes":""},"categories":[119],"tags":[],"class_list":["post-22560","post","type-post","status-publish","format-standard","hentry","category-francia-es"],"_links":{"self":[{"href":"https:\/\/prometheus.museum\/es\/wp-json\/wp\/v2\/posts\/22560","targetHints":{"allow":["GET"]}}],"collection":[{"href":"https:\/\/prometheus.museum\/es\/wp-json\/wp\/v2\/posts"}],"about":[{"href":"https:\/\/prometheus.museum\/es\/wp-json\/wp\/v2\/types\/post"}],"author":[{"embeddable":true,"href":"https:\/\/prometheus.museum\/es\/wp-json\/wp\/v2\/users\/1"}],"replies":[{"embeddable":true,"href":"https:\/\/prometheus.museum\/es\/wp-json\/wp\/v2\/comments?post=22560"}],"version-history":[{"count":5,"href":"https:\/\/prometheus.museum\/es\/wp-json\/wp\/v2\/posts\/22560\/revisions"}],"predecessor-version":[{"id":22790,"href":"https:\/\/prometheus.museum\/es\/wp-json\/wp\/v2\/posts\/22560\/revisions\/22790"}],"wp:attachment":[{"href":"https:\/\/prometheus.museum\/es\/wp-json\/wp\/v2\/media?parent=22560"}],"wp:term":[{"taxonomy":"category","embeddable":true,"href":"https:\/\/prometheus.museum\/es\/wp-json\/wp\/v2\/categories?post=22560"},{"taxonomy":"post_tag","embeddable":true,"href":"https:\/\/prometheus.museum\/es\/wp-json\/wp\/v2\/tags?post=22560"}],"curies":[{"name":"wp","href":"https:\/\/api.w.org\/{rel}","templated":true}]}}