{"id":22574,"date":"2022-06-13T16:45:39","date_gmt":"2022-06-13T14:45:39","guid":{"rendered":"https:\/\/prometheus.museum\/las-pauls\/"},"modified":"2022-10-13T22:01:41","modified_gmt":"2022-10-13T20:01:41","slug":"las-pauls","status":"publish","type":"post","link":"https:\/\/prometheus.museum\/es\/las-pauls\/","title":{"rendered":"Laspa\u00fales \/ LasPa\u00fals"},"content":{"rendered":"<p>Laspa\u00fals celebran tambi\u00e9n sus fallas por San Juan. Una semana antes de la quema, se realiza un taller <em>fallaire<\/em> donde se puede adquirir la falla y en que se hace una merienda para que ni\u00f1as y ni\u00f1os participen. Las fallas se preparan con unas hierbas secas. Como en las fallas de la Ribagorza aragonesa, los y las <em>fallaires<\/em> suben al faro, desde donde bajar\u00e1n con sus fallas creando una serpiente de fuego, hasta llegar a la plaza del pueblo donde se enciende la hoguera. Algunos aprovechan la ocasi\u00f3n para pedir deseos al fuego y la fiesta se acaba con una cena popular.<\/p>\n<p>Nombre en castellano: LasPa\u00fals<br \/>\nNombre en catal\u00e1n: Les Pa\u00fcls (en la localidad, Las Pa\u00fals o Laspa\u00fals)<br \/>\nNombre en aragon\u00e9s: Las Pauls<\/p>\n<p><strong>M\u00e1s informaci\u00f3n<\/strong> : <a href=\"https:\/\/www.turismoribagorza.org\/es\/que-ver-y-que-hacer\/ribagorza-es-cultura\/fiestas-y-tradiciones\/fiesta-de-las-fallas\" target=\"_blank\" rel=\"noopener\">https:\/\/www.turismoribagorza.org\/es\/que-ver-y-que-hacer\/ribagorza-es-cultura\/fiestas-y-tradiciones\/fiesta-de-las-fallas<\/a><br \/>\n<strong>Mail<\/strong> : laspaules@laspaules.es<br \/>\n<strong>Twitter<\/strong> : <a href=\"https:\/\/twitter.com\/laspaules?lang=ca\" target=\"_blank\" rel=\"noopener\">https:\/\/twitter.com\/laspaules?lang=ca<\/a><br \/>\n<strong>Tel. Ayuntamiento<\/strong> : +34 974553141<\/p>\n<p><strong>Para saber m\u00e1s :<\/strong><br \/>\nSerrano, R.; Farr\u00e9, X. (2017) <em>Las fallas del Pirineo aragon\u00e9s. <\/em>Zaragoza<em>: <\/em>Prames.<br \/>\nFarr\u00e9 Sah\u00fan, X.; Ricart, S. (2016) <em>Foc al faro. La fiesta de las fallas en el Pirineo. <\/em>Zaragoza: Prames<\/p>\n<p><strong>Fotos y v\u00eddeos<\/strong><\/p>\n<p>Las fallas del Pirineo aragon\u00e9s<br \/>\n<a href=\"https:\/\/www.youtube.com\/watch?v=OKEH_EoOK9Q&amp;t=1s\" target=\"_blank\" rel=\"noopener\">https:\/\/www.youtube.com\/watch?v=OKEH_EoOK9Q&amp;t=1s<\/a><\/p>\n<p><img loading=\"lazy\" decoding=\"async\" class=\"alignnone size-full wp-image-15926\" src=\"https:\/\/prometheus.museum\/wp-content\/uploads\/2022\/06\/LASPAULES-001-Ca\u0300tedra.jpg\" alt=\"Las Pa\u00fals\" width=\"980\" height=\"1307\" srcset=\"https:\/\/prometheus.museum\/wp-content\/uploads\/2022\/06\/LASPAULES-001-Ca\u0300tedra.jpg 980w, https:\/\/prometheus.museum\/wp-content\/uploads\/2022\/06\/LASPAULES-001-Ca\u0300tedra-225x300.jpg 225w, https:\/\/prometheus.museum\/wp-content\/uploads\/2022\/06\/LASPAULES-001-Ca\u0300tedra-768x1024.jpg 768w, https:\/\/prometheus.museum\/wp-content\/uploads\/2022\/06\/LASPAULES-001-Ca\u0300tedra-600x800.jpg 600w\" sizes=\"auto, (max-width: 980px) 100vw, 980px\" \/><br \/>\nFallas en LasPa\u00fals. Ribagor\u00e7a, Arag\u00f3n, Fotograf\u00eda: Ayuntamiento de Laspa\u00fals.<\/p>\n<p><img loading=\"lazy\" decoding=\"async\" class=\"alignnone size-full wp-image-15931\" src=\"https:\/\/prometheus.museum\/wp-content\/uploads\/2022\/06\/LASPAULES-002.jpg\" alt=\"Las Pa\u00fals\" width=\"980\" height=\"649\" srcset=\"https:\/\/prometheus.museum\/wp-content\/uploads\/2022\/06\/LASPAULES-002.jpg 980w, https:\/\/prometheus.museum\/wp-content\/uploads\/2022\/06\/LASPAULES-002-300x199.jpg 300w, https:\/\/prometheus.museum\/wp-content\/uploads\/2022\/06\/LASPAULES-002-768x509.jpg 768w\" sizes=\"auto, (max-width: 980px) 100vw, 980px\" \/><br \/>\nFallas en LasPa\u00fals. Ribagor\u00e7a, Arag\u00f3n.Fotograf\u00eda: Ayuntamiento de LasPa\u00fals.<\/p>\n","protected":false},"excerpt":{"rendered":"<p>Laspa\u00fals celebran tambi\u00e9n sus fallas por San Juan. Una semana antes de la quema, se realiza un taller fallaire donde se puede adquirir la falla y en que se hace una merienda para que ni\u00f1as y ni\u00f1os participen. Las fallas se preparan con unas hierbas secas. Como en las fallas de la Ribagorza aragonesa, los [&hellip;]<\/p>\n","protected":false},"author":1,"featured_media":0,"comment_status":"open","ping_status":"open","sticky":false,"template":"","format":"standard","meta":{"_monsterinsights_skip_tracking":false,"_monsterinsights_sitenote_active":false,"_monsterinsights_sitenote_note":"","_monsterinsights_sitenote_category":0,"_uf_show_specific_survey":0,"_uf_disable_surveys":false,"footnotes":""},"categories":[117],"tags":[],"class_list":["post-22574","post","type-post","status-publish","format-standard","hentry","category-espagne-es"],"_links":{"self":[{"href":"https:\/\/prometheus.museum\/es\/wp-json\/wp\/v2\/posts\/22574","targetHints":{"allow":["GET"]}}],"collection":[{"href":"https:\/\/prometheus.museum\/es\/wp-json\/wp\/v2\/posts"}],"about":[{"href":"https:\/\/prometheus.museum\/es\/wp-json\/wp\/v2\/types\/post"}],"author":[{"embeddable":true,"href":"https:\/\/prometheus.museum\/es\/wp-json\/wp\/v2\/users\/1"}],"replies":[{"embeddable":true,"href":"https:\/\/prometheus.museum\/es\/wp-json\/wp\/v2\/comments?post=22574"}],"version-history":[{"count":3,"href":"https:\/\/prometheus.museum\/es\/wp-json\/wp\/v2\/posts\/22574\/revisions"}],"predecessor-version":[{"id":22899,"href":"https:\/\/prometheus.museum\/es\/wp-json\/wp\/v2\/posts\/22574\/revisions\/22899"}],"wp:attachment":[{"href":"https:\/\/prometheus.museum\/es\/wp-json\/wp\/v2\/media?parent=22574"}],"wp:term":[{"taxonomy":"category","embeddable":true,"href":"https:\/\/prometheus.museum\/es\/wp-json\/wp\/v2\/categories?post=22574"},{"taxonomy":"post_tag","embeddable":true,"href":"https:\/\/prometheus.museum\/es\/wp-json\/wp\/v2\/tags?post=22574"}],"curies":[{"name":"wp","href":"https:\/\/api.w.org\/{rel}","templated":true}]}}