{"id":22578,"date":"2022-06-13T16:47:30","date_gmt":"2022-06-13T14:47:30","guid":{"rendered":"https:\/\/prometheus.museum\/les\/"},"modified":"2022-10-13T22:03:33","modified_gmt":"2022-10-13T20:03:33","slug":"les","status":"publish","type":"post","link":"https:\/\/prometheus.museum\/es\/les\/","title":{"rendered":"Les"},"content":{"rendered":"<p>En Les, la fiesta sigue el patr\u00f3n occitano, consistente en quemar un gran tronco de abeto de entre 10 y 12 m. de longitud en la plaza del pueblo. La particularidad de Les -que nos indica la importancia de la fiesta- es que hay una plaza llamada precisamente Plaza deth Haro (\u201cplaza del haro\u201d), donde se encuentra el Haro instalado todo el a\u00f1o, marcando la vida y el ritmo vecinal. De hecho, el ciclo comienza en la primavera del a\u00f1o anterior, el d\u00eda de la <em>Shasclada deth Haro<\/em>, cuando se prepara el tronco que ser\u00e1 quemado al a\u00f1o siguiente. El d\u00eda de la San Pedro se realiza la <em>quilha<\/em> del nuevo haro.<\/p>\n<p>En una procesi\u00f3n encabezada por las \u00faltimas parejas de casados del pueblo, que coronan el nuevo haro con ofrendas de flores (una corona, un ramo y una cruz), s\u00edmbolos de fertilidad y fecundidad. El grupo de danzas local, Es Corbilhu\u00e8rs de Les, ameniza el desfile con bailes aranesas. Entonces, el haro se planta en la plaza y all\u00ed estar\u00e1 durante todo el a\u00f1o. Una semana antes, para San Juan, el 23 de junio, el haro se quema en la plaza del pueblo. Una vez hecha la bendici\u00f3n, se le prende fuego y mientras las llamas llegan al cielo, un grupo de j\u00f3venes hacen quemar <em>es halhes<\/em>. Estos son elementos de gran importancia en la fiesta y se confeccionan con pieles de corteza de cerezo, unas sobre otras y atadas con un hilo de hierro. Los m\u00e1s j\u00f3venes las hacen girar por encima de sus cabezas como proyectiles de fuego, simbolizando el reparto del elemento purificador por todos los rincones del pueblo. Una vez que <em>es halhes<\/em> se han quemado, se inician las danzas, con el grupo local, vestido con trajes tradicionales de vistosos colores, y con danzas caracter\u00edsticas y alegres como <em>es Aubades, eth Tricot\u00e8r, eth Cadrilh y el Balh Plan<\/em>.<\/p>\n<p>La noche est\u00e1 llena de numerosos elementos simb\u00f3licos y de creencias: es tambi\u00e9n la noche del amor, donde antes muchas parejas se compromet\u00edan. La fiesta es muy caracter\u00edstica de la identidad aranesa, con sus m\u00fasicas y danzas e instrumentos tradicionales gascones que se han recuperado gracias al trabajo del grupo Es Corbilhu\u00e8rs.<\/p>\n<p><strong>M\u00e1s informaci\u00f3n<\/strong> : <a href=\"https:\/\/torismeles.com\/eth-haro\/\" target=\"_blank\" rel=\"noopener\">https:\/\/torismeles.com\/eth-haro\/<\/a><br \/>\n<strong>Facebook<\/strong> : <a href=\"https:\/\/www.facebook.com\/EsCorbilhuers\/\" target=\"_blank\" rel=\"noopener\">https:\/\/www.facebook.com\/EsCorbilhuers\/<\/a><br \/>\n<strong>Instagram<\/strong> : #ethharo<br \/>\n<strong>Tel. Ayuntamiento<\/strong> : 973 647303<\/p>\n<p><strong>Para saber m\u00e1s :<\/strong><br \/>\nMenetrier, B. (2017).\u00a0 \u201cLes F\u00eates du Solstice d\u2019\u00c9t\u00e9 en Aran et Cominges\u201d,\u00a0<em>Revue de Comminges et des Pyr\u00e9n\u00e9es Centrales<\/em>, n\u00ba133,\u00a0 357-369.<br \/>\nMontoya, J\u00e9p de (2017). \u201cRites e mites ancestraus\u201d, <em>T\u00e8rra Aranesa<\/em>, n\u00ba14, 107-114.<\/p>\n<p><strong>Fotos y v\u00eddeos<\/strong><\/p>\n<p>TV3 El Foraster a la crema de l\u2019haro, 2019<br \/>\n<a href=\"https:\/\/www.ccma.cat\/tv3\/alacarta\/el-foraster\/el-moment-mes-emocionant-del-foraster-a-les-la-crema-deth-haro\/video\/5967909\/\" target=\"_blank\" rel=\"noopener\">https:\/\/www.ccma.cat\/tv3\/alacarta\/el-foraster\/el-moment-mes-emocionant-del-foraster-a-les-la-crema-deth-haro\/video\/5967909\/<\/a><\/p>\n<p>Eth Haro<br \/>\n<a href=\"https:\/\/www.youtube.com\/watch?v=T69hf9tS_as&amp;t=25s\" target=\"_blank\" rel=\"noopener\">https:\/\/www.youtube.com\/watch?v=T69hf9tS_as&amp;t=25s<\/a><\/p>\n<p>Quema deth Haro 2014<br \/>\n<a href=\"https:\/\/www.youtube.com\/watch?v=oRlTjKdWAPA\" target=\"_blank\" rel=\"noopener\">https:\/\/www.youtube.com\/watch?v=oRlTjKdWAPA<\/a><\/p>\n<p><img loading=\"lazy\" decoding=\"async\" class=\"alignnone size-full wp-image-15940\" src=\"https:\/\/prometheus.museum\/wp-content\/uploads\/2022\/06\/LES-001-Mathilde-DSC07447-1.jpg\" alt=\"Les\" width=\"980\" height=\"1307\" srcset=\"https:\/\/prometheus.museum\/wp-content\/uploads\/2022\/06\/LES-001-Mathilde-DSC07447-1.jpg 980w, https:\/\/prometheus.museum\/wp-content\/uploads\/2022\/06\/LES-001-Mathilde-DSC07447-1-225x300.jpg 225w, https:\/\/prometheus.museum\/wp-content\/uploads\/2022\/06\/LES-001-Mathilde-DSC07447-1-768x1024.jpg 768w, https:\/\/prometheus.museum\/wp-content\/uploads\/2022\/06\/LES-001-Mathilde-DSC07447-1-600x800.jpg 600w\" sizes=\"auto, (max-width: 980px) 100vw, 980px\" \/><br \/>\nQuilha del nuevo Haro. Les, Val d\u2019Aran. 2018. Fotograf\u00eda: Mathilde Lamothe<\/p>\n<p><img loading=\"lazy\" decoding=\"async\" class=\"alignnone size-full wp-image-15945\" src=\"https:\/\/prometheus.museum\/wp-content\/uploads\/2022\/06\/LES-002-Mathilde-DSC07485.jpg\" alt=\"Les\" width=\"980\" height=\"1307\" srcset=\"https:\/\/prometheus.museum\/wp-content\/uploads\/2022\/06\/LES-002-Mathilde-DSC07485.jpg 980w, https:\/\/prometheus.museum\/wp-content\/uploads\/2022\/06\/LES-002-Mathilde-DSC07485-225x300.jpg 225w, https:\/\/prometheus.museum\/wp-content\/uploads\/2022\/06\/LES-002-Mathilde-DSC07485-768x1024.jpg 768w, https:\/\/prometheus.museum\/wp-content\/uploads\/2022\/06\/LES-002-Mathilde-DSC07485-600x800.jpg 600w\" sizes=\"auto, (max-width: 980px) 100vw, 980px\" \/><br \/>\nEth Haro, a punto para la quema. Les, Val d\u2019Aran. 2018. Fotograf\u00eda: Mathilde Lamothe.<\/p>\n<p><img loading=\"lazy\" decoding=\"async\" class=\"alignnone size-full wp-image-15950\" src=\"https:\/\/prometheus.museum\/wp-content\/uploads\/2022\/06\/LES-003-Roige\u0301-IMG_6682.jpg\" alt=\"Les\" width=\"980\" height=\"1307\" srcset=\"https:\/\/prometheus.museum\/wp-content\/uploads\/2022\/06\/LES-003-Roige\u0301-IMG_6682.jpg 980w, https:\/\/prometheus.museum\/wp-content\/uploads\/2022\/06\/LES-003-Roige\u0301-IMG_6682-225x300.jpg 225w, https:\/\/prometheus.museum\/wp-content\/uploads\/2022\/06\/LES-003-Roige\u0301-IMG_6682-768x1024.jpg 768w, https:\/\/prometheus.museum\/wp-content\/uploads\/2022\/06\/LES-003-Roige\u0301-IMG_6682-600x800.jpg 600w\" sizes=\"auto, (max-width: 980px) 100vw, 980px\" \/><br \/>\nQuema del Haro. Les, Val d\u2019Aran. 2019. Fotograf\u00eda: Xavier Roig\u00e9.<\/p>\n<p><img loading=\"lazy\" decoding=\"async\" class=\"alignnone size-full wp-image-15955\" src=\"https:\/\/prometheus.museum\/wp-content\/uploads\/2022\/06\/LES-004-Mathilde-DSC07560.jpg\" alt=\"Les\" width=\"980\" height=\"1307\" srcset=\"https:\/\/prometheus.museum\/wp-content\/uploads\/2022\/06\/LES-004-Mathilde-DSC07560.jpg 980w, https:\/\/prometheus.museum\/wp-content\/uploads\/2022\/06\/LES-004-Mathilde-DSC07560-225x300.jpg 225w, https:\/\/prometheus.museum\/wp-content\/uploads\/2022\/06\/LES-004-Mathilde-DSC07560-768x1024.jpg 768w, https:\/\/prometheus.museum\/wp-content\/uploads\/2022\/06\/LES-004-Mathilde-DSC07560-600x800.jpg 600w\" sizes=\"auto, (max-width: 980px) 100vw, 980px\" \/><br \/>\nQuema del Haro. Les, Val d\u2019Aran. 2018. Fotograf\u00eda: Mathilde Lamothe.<\/p>\n","protected":false},"excerpt":{"rendered":"<p>En Les, la fiesta sigue el patr\u00f3n occitano, consistente en quemar un gran tronco de abeto de entre 10 y 12 m. de longitud en la plaza del pueblo. La particularidad de Les -que nos indica la importancia de la fiesta- es que hay una plaza llamada precisamente Plaza deth Haro (\u201cplaza del haro\u201d), donde [&hellip;]<\/p>\n","protected":false},"author":1,"featured_media":0,"comment_status":"open","ping_status":"open","sticky":false,"template":"","format":"standard","meta":{"_monsterinsights_skip_tracking":false,"_monsterinsights_sitenote_active":false,"_monsterinsights_sitenote_note":"","_monsterinsights_sitenote_category":0,"_uf_show_specific_survey":0,"_uf_disable_surveys":false,"footnotes":""},"categories":[117],"tags":[],"class_list":["post-22578","post","type-post","status-publish","format-standard","hentry","category-espagne-es"],"_links":{"self":[{"href":"https:\/\/prometheus.museum\/es\/wp-json\/wp\/v2\/posts\/22578","targetHints":{"allow":["GET"]}}],"collection":[{"href":"https:\/\/prometheus.museum\/es\/wp-json\/wp\/v2\/posts"}],"about":[{"href":"https:\/\/prometheus.museum\/es\/wp-json\/wp\/v2\/types\/post"}],"author":[{"embeddable":true,"href":"https:\/\/prometheus.museum\/es\/wp-json\/wp\/v2\/users\/1"}],"replies":[{"embeddable":true,"href":"https:\/\/prometheus.museum\/es\/wp-json\/wp\/v2\/comments?post=22578"}],"version-history":[{"count":3,"href":"https:\/\/prometheus.museum\/es\/wp-json\/wp\/v2\/posts\/22578\/revisions"}],"predecessor-version":[{"id":22900,"href":"https:\/\/prometheus.museum\/es\/wp-json\/wp\/v2\/posts\/22578\/revisions\/22900"}],"wp:attachment":[{"href":"https:\/\/prometheus.museum\/es\/wp-json\/wp\/v2\/media?parent=22578"}],"wp:term":[{"taxonomy":"category","embeddable":true,"href":"https:\/\/prometheus.museum\/es\/wp-json\/wp\/v2\/categories?post=22578"},{"taxonomy":"post_tag","embeddable":true,"href":"https:\/\/prometheus.museum\/es\/wp-json\/wp\/v2\/tags?post=22578"}],"curies":[{"name":"wp","href":"https:\/\/api.w.org\/{rel}","templated":true}]}}