{"id":22590,"date":"2022-05-08T15:42:44","date_gmt":"2022-05-08T13:42:44","guid":{"rendered":"https:\/\/prometheus.museum\/oo-31\/"},"modified":"2022-10-13T14:31:13","modified_gmt":"2022-10-13T12:31:13","slug":"oo-31","status":"publish","type":"post","link":"https:\/\/prometheus.museum\/es\/oo-31\/","title":{"rendered":"O\u00f4"},"content":{"rendered":"<p>En el pueblo de O\u00f4, el brandon del D\u00eda de San Juan se celebra al mismo tiempo que el festival local que generalmente tiene lugar el segundo fin de semana de julio. Se organiza una comida, luego el brandon se enciende y se dan bailes alrededor del fuego. Los organizadores del brandon son el ayuntamiento y el comit\u00e9 del festival de O\u00f4. <\/p>\n<p><strong>M\u00e1s informaci\u00f3n<\/strong> : https:\/\/cc-pyreneeshautgaronnaises.fr\/decouvrir\/patrimoine<\/p>\n<p><strong>Correo electr\u00f3nico<\/strong> : mairie.oo@wanadoo.fr<\/p>\n<p><strong>Redes sociales<\/strong> :<\/p>\n<p><strong>Tel. Ayuntamiento<\/strong> : +33561791430<\/p>\n<p><img loading=\"lazy\" decoding=\"async\" class=\"alignnone size-large wp-image-10202\" src=\"https:\/\/prometheus.museum\/wp-content\/uploads\/2022\/05\/COM-001-OO-P-683x1024.jpg\" alt=\"\" width=\"683\" height=\"1024\" srcset=\"https:\/\/prometheus.museum\/wp-content\/uploads\/2022\/05\/COM-001-OO-P-683x1024.jpg 683w, https:\/\/prometheus.museum\/wp-content\/uploads\/2022\/05\/COM-001-OO-P-200x300.jpg 200w, https:\/\/prometheus.museum\/wp-content\/uploads\/2022\/05\/COM-001-OO-P-768x1152.jpg 768w, https:\/\/prometheus.museum\/wp-content\/uploads\/2022\/05\/COM-001-OO-P.jpg 980w\" sizes=\"auto, (max-width: 683px) 100vw, 683px\" \/><\/p>\n<p>El brandon es quillado y alcolchado 8 de julio de 2017 \u00a9 CIRDOC-Institut occitan de cultura. <\/p>\n<p><img loading=\"lazy\" decoding=\"async\" class=\"alignnone size-full wp-image-10210\" src=\"https:\/\/prometheus.museum\/wp-content\/uploads\/2022\/05\/COM-002-OO-P.jpg\" alt=\"\" width=\"980\" height=\"653\" srcset=\"https:\/\/prometheus.museum\/wp-content\/uploads\/2022\/05\/COM-002-OO-P.jpg 980w, https:\/\/prometheus.museum\/wp-content\/uploads\/2022\/05\/COM-002-OO-P-300x200.jpg 300w, https:\/\/prometheus.museum\/wp-content\/uploads\/2022\/05\/COM-002-OO-P-768x512.jpg 768w\" sizes=\"auto, (max-width: 980px) 100vw, 980px\" \/><\/p>\n<p>El p\u00fablico est\u00e1 a la espera de la quema del brandon, 8 de julio de 2017 \u00a9 CIRDOC-Institut occitan de cultura. <\/p>\n<p><img loading=\"lazy\" decoding=\"async\" class=\"alignnone size-full wp-image-10217\" src=\"https:\/\/prometheus.museum\/wp-content\/uploads\/2022\/05\/COM-003-OO-P.jpg\" alt=\"\" width=\"980\" height=\"653\" srcset=\"https:\/\/prometheus.museum\/wp-content\/uploads\/2022\/05\/COM-003-OO-P.jpg 980w, https:\/\/prometheus.museum\/wp-content\/uploads\/2022\/05\/COM-003-OO-P-300x200.jpg 300w, https:\/\/prometheus.museum\/wp-content\/uploads\/2022\/05\/COM-003-OO-P-768x512.jpg 768w\" sizes=\"auto, (max-width: 980px) 100vw, 980px\" \/><\/p>\n<p>El brandon arde en una corona de chispas, 8 de julio de 2017 \u00a9 CIRDOC-Institut occitan de cultura<\/p>\n<p><img loading=\"lazy\" decoding=\"async\" class=\"alignnone size-large wp-image-10223\" src=\"https:\/\/prometheus.museum\/wp-content\/uploads\/2022\/05\/COM-004-OO-P-683x1024.jpg\" alt=\"\" width=\"683\" height=\"1024\" srcset=\"https:\/\/prometheus.museum\/wp-content\/uploads\/2022\/05\/COM-004-OO-P-683x1024.jpg 683w, https:\/\/prometheus.museum\/wp-content\/uploads\/2022\/05\/COM-004-OO-P-200x300.jpg 200w, https:\/\/prometheus.museum\/wp-content\/uploads\/2022\/05\/COM-004-OO-P-768x1152.jpg 768w, https:\/\/prometheus.museum\/wp-content\/uploads\/2022\/05\/COM-004-OO-P.jpg 980w\" sizes=\"auto, (max-width: 683px) 100vw, 683px\" \/><\/p>\n<p>Brandon, momento festivo pero tambi\u00e9n rom\u00e1ntico, 8 de julio de 2017 \u00a9 CIRDOC-Institut occitan de cultura. <\/p>\n<p><img loading=\"lazy\" decoding=\"async\" class=\"alignnone size-full wp-image-10228\" src=\"https:\/\/prometheus.museum\/wp-content\/uploads\/2022\/05\/COM-005-OO-P.jpg\" alt=\"\" width=\"980\" height=\"658\" srcset=\"https:\/\/prometheus.museum\/wp-content\/uploads\/2022\/05\/COM-005-OO-P.jpg 980w, https:\/\/prometheus.museum\/wp-content\/uploads\/2022\/05\/COM-005-OO-P-300x201.jpg 300w, https:\/\/prometheus.museum\/wp-content\/uploads\/2022\/05\/COM-005-OO-P-768x516.jpg 768w\" sizes=\"auto, (max-width: 980px) 100vw, 980px\" \/><\/p>\n<p>Quema del brandon, 8 de julio de 2017 \u00a9 CIRDOC-Institut occitan de cultura. <\/p>\n","protected":false},"excerpt":{"rendered":"<p>En el pueblo de O\u00f4, el brandon del D\u00eda de San Juan se celebra al mismo tiempo que el festival local que generalmente tiene lugar el segundo fin de semana de julio. Se organiza una comida, luego el brandon se enciende y se dan bailes alrededor del fuego. Los organizadores del brandon son el ayuntamiento [&hellip;]<\/p>\n","protected":false},"author":1,"featured_media":0,"comment_status":"open","ping_status":"open","sticky":false,"template":"","format":"standard","meta":{"_monsterinsights_skip_tracking":false,"_monsterinsights_sitenote_active":false,"_monsterinsights_sitenote_note":"","_monsterinsights_sitenote_category":0,"_uf_show_specific_survey":0,"_uf_disable_surveys":false,"footnotes":""},"categories":[119],"tags":[],"class_list":["post-22590","post","type-post","status-publish","format-standard","hentry","category-francia-es"],"_links":{"self":[{"href":"https:\/\/prometheus.museum\/es\/wp-json\/wp\/v2\/posts\/22590","targetHints":{"allow":["GET"]}}],"collection":[{"href":"https:\/\/prometheus.museum\/es\/wp-json\/wp\/v2\/posts"}],"about":[{"href":"https:\/\/prometheus.museum\/es\/wp-json\/wp\/v2\/types\/post"}],"author":[{"embeddable":true,"href":"https:\/\/prometheus.museum\/es\/wp-json\/wp\/v2\/users\/1"}],"replies":[{"embeddable":true,"href":"https:\/\/prometheus.museum\/es\/wp-json\/wp\/v2\/comments?post=22590"}],"version-history":[{"count":5,"href":"https:\/\/prometheus.museum\/es\/wp-json\/wp\/v2\/posts\/22590\/revisions"}],"predecessor-version":[{"id":22782,"href":"https:\/\/prometheus.museum\/es\/wp-json\/wp\/v2\/posts\/22590\/revisions\/22782"}],"wp:attachment":[{"href":"https:\/\/prometheus.museum\/es\/wp-json\/wp\/v2\/media?parent=22590"}],"wp:term":[{"taxonomy":"category","embeddable":true,"href":"https:\/\/prometheus.museum\/es\/wp-json\/wp\/v2\/categories?post=22590"},{"taxonomy":"post_tag","embeddable":true,"href":"https:\/\/prometheus.museum\/es\/wp-json\/wp\/v2\/tags?post=22590"}],"curies":[{"name":"wp","href":"https:\/\/api.w.org\/{rel}","templated":true}]}}