{"id":22594,"date":"2022-05-08T15:44:22","date_gmt":"2022-05-08T13:44:22","guid":{"rendered":"https:\/\/prometheus.museum\/ourde-65\/"},"modified":"2022-10-13T14:29:45","modified_gmt":"2022-10-13T12:29:45","slug":"ourde-65","status":"publish","type":"post","link":"https:\/\/prometheus.museum\/es\/ourde-65\/","title":{"rendered":"Ourde"},"content":{"rendered":"<p>En el pueblo de Ourde, en Barousse, la pr\u00e1ctica del brandon es la tradicional pero ha tenido un per\u00edodo de interrupci\u00f3n de cuatro o cinco a\u00f1os por falta de recursos humanos. Se acaba de reconstituir un comit\u00e9 de fiesta en 2022, que se har\u00e1 cargo de los conocimientos t\u00e9cnicos del brandon (descortezado, divisi\u00f3n, decoraci\u00f3n, etc.) y la organizaci\u00f3n de la fiesta.<\/p>\n<p>Nombre en franc\u00e9s: Ourde<br \/>\nNombre en occitano: Orda<\/p>\n<p><strong>M\u00e1s informaci\u00f3n<\/strong> : https:\/\/tourisme-neste-barousse.fr\/site\/la-tradition-des-brandons\/<\/p>\n<p><strong>Correo electr\u00f3nico<\/strong> : mairie.ourde-balcondelabarousse@wanadoo.fr<\/p>\n<p><strong>Redes sociales<\/strong> :<\/p>\n<p><strong>Tel. Ayuntamiento<\/strong> : +33562392201<\/p>\n","protected":false},"excerpt":{"rendered":"<p>En el pueblo de Ourde, en Barousse, la pr\u00e1ctica del brandon es la tradicional pero ha tenido un per\u00edodo de interrupci\u00f3n de cuatro o cinco a\u00f1os por falta de recursos humanos. Se acaba de reconstituir un comit\u00e9 de fiesta en 2022, que se har\u00e1 cargo de los conocimientos t\u00e9cnicos del brandon (descortezado, divisi\u00f3n, decoraci\u00f3n, etc.) [&hellip;]<\/p>\n","protected":false},"author":1,"featured_media":0,"comment_status":"open","ping_status":"open","sticky":false,"template":"","format":"standard","meta":{"_monsterinsights_skip_tracking":false,"_monsterinsights_sitenote_active":false,"_monsterinsights_sitenote_note":"","_monsterinsights_sitenote_category":0,"_uf_show_specific_survey":0,"_uf_disable_surveys":false,"footnotes":""},"categories":[119],"tags":[],"class_list":["post-22594","post","type-post","status-publish","format-standard","hentry","category-francia-es"],"_links":{"self":[{"href":"https:\/\/prometheus.museum\/es\/wp-json\/wp\/v2\/posts\/22594","targetHints":{"allow":["GET"]}}],"collection":[{"href":"https:\/\/prometheus.museum\/es\/wp-json\/wp\/v2\/posts"}],"about":[{"href":"https:\/\/prometheus.museum\/es\/wp-json\/wp\/v2\/types\/post"}],"author":[{"embeddable":true,"href":"https:\/\/prometheus.museum\/es\/wp-json\/wp\/v2\/users\/1"}],"replies":[{"embeddable":true,"href":"https:\/\/prometheus.museum\/es\/wp-json\/wp\/v2\/comments?post=22594"}],"version-history":[{"count":5,"href":"https:\/\/prometheus.museum\/es\/wp-json\/wp\/v2\/posts\/22594\/revisions"}],"predecessor-version":[{"id":22781,"href":"https:\/\/prometheus.museum\/es\/wp-json\/wp\/v2\/posts\/22594\/revisions\/22781"}],"wp:attachment":[{"href":"https:\/\/prometheus.museum\/es\/wp-json\/wp\/v2\/media?parent=22594"}],"wp:term":[{"taxonomy":"category","embeddable":true,"href":"https:\/\/prometheus.museum\/es\/wp-json\/wp\/v2\/categories?post=22594"},{"taxonomy":"post_tag","embeddable":true,"href":"https:\/\/prometheus.museum\/es\/wp-json\/wp\/v2\/tags?post=22594"}],"curies":[{"name":"wp","href":"https:\/\/api.w.org\/{rel}","templated":true}]}}