{"id":22602,"date":"2022-05-08T15:53:40","date_gmt":"2022-05-08T13:53:40","guid":{"rendered":"https:\/\/prometheus.museum\/sainte-marie-65\/"},"modified":"2022-10-13T14:23:18","modified_gmt":"2022-10-13T12:23:18","slug":"sainte-marie-65","status":"publish","type":"post","link":"https:\/\/prometheus.museum\/es\/sainte-marie-65\/","title":{"rendered":"Sainte-Marie"},"content":{"rendered":"<p>En el pueblo Baroussais de Sainte-Marie, se prepara un brandon de acuerdo con las t\u00e9cnicas tradicionales: el tronco se divide y luego se colocan las esquinas de madera en las ranuras para secarlo. Luego es quillado en la entrada de la comuna. La fiesta del brandon de San Juan es organizada por el Comit\u00e9 de las Fiestas de Santa Mar\u00eda.<\/p>\n<p>Nombre en franc\u00e9s: Sainte-Marie<br \/>\nNombre en occitano: Sente Maria de Varossa<\/p>\n<p><strong>M\u00e1s informaci\u00f3n<\/strong> : https:\/\/tourisme-neste-barousse.fr\/site\/la-tradition-des-brandons\/<\/p>\n<p><strong>Correo electr\u00f3nico<\/strong> : commune-de-sainte-marie@orange.fr<\/p>\n<p><strong>Redes sociales<\/strong> :<\/p>\n<p><strong>Tel. Ayuntamiento<\/strong> : +33562993836<\/p>\n<p><img loading=\"lazy\" decoding=\"async\" class=\"alignnone size-large wp-image-10146\" src=\"https:\/\/prometheus.museum\/wp-content\/uploads\/2022\/05\/BAR-001-SAINTEMARIE-P-768x1024.jpg\" alt=\"\" width=\"768\" height=\"1024\" srcset=\"https:\/\/prometheus.museum\/wp-content\/uploads\/2022\/05\/BAR-001-SAINTEMARIE-P-768x1024.jpg 768w, https:\/\/prometheus.museum\/wp-content\/uploads\/2022\/05\/BAR-001-SAINTEMARIE-P-225x300.jpg 225w, https:\/\/prometheus.museum\/wp-content\/uploads\/2022\/05\/BAR-001-SAINTEMARIE-P-600x800.jpg 600w, https:\/\/prometheus.museum\/wp-content\/uploads\/2022\/05\/BAR-001-SAINTEMARIE-P.jpg 980w\" sizes=\"auto, (max-width: 768px) 100vw, 768px\" \/><\/p>\n<p>El brandon es quillado para Saint-Jean, 22 de junio de 2018 \u00a9 Patricia Heiniger-Cast\u00e9ret. <\/p>\n<p><img loading=\"lazy\" decoding=\"async\" class=\"alignnone size-large wp-image-10159\" src=\"https:\/\/prometheus.museum\/wp-content\/uploads\/2022\/05\/BAR-002-SAINTEMARIE-P-537x1024.jpg\" alt=\"\" width=\"537\" height=\"1024\" srcset=\"https:\/\/prometheus.museum\/wp-content\/uploads\/2022\/05\/BAR-002-SAINTEMARIE-P-537x1024.jpg 537w, https:\/\/prometheus.museum\/wp-content\/uploads\/2022\/05\/BAR-002-SAINTEMARIE-P-157x300.jpg 157w, https:\/\/prometheus.museum\/wp-content\/uploads\/2022\/05\/BAR-002-SAINTEMARIE-P-768x1465.jpg 768w, https:\/\/prometheus.museum\/wp-content\/uploads\/2022\/05\/BAR-002-SAINTEMARIE-P-805x1536.jpg 805w, https:\/\/prometheus.museum\/wp-content\/uploads\/2022\/05\/BAR-002-SAINTEMARIE-P.jpg 980w\" sizes=\"auto, (max-width: 537px) 100vw, 537px\" \/><\/p>\n<p>Detalle del trabajo de ranuras y esquinas, 22 de junio de 2018 \u00a9 Patricia Heiniger-Cast\u00e9ret. <\/p>\n<p><img loading=\"lazy\" decoding=\"async\" class=\"alignnone size-large wp-image-10170\" src=\"https:\/\/prometheus.museum\/wp-content\/uploads\/2022\/05\/BAR-003-SAINTEMARIE-P-768x1024.jpg\" alt=\"\" width=\"768\" height=\"1024\" srcset=\"https:\/\/prometheus.museum\/wp-content\/uploads\/2022\/05\/BAR-003-SAINTEMARIE-P-768x1024.jpg 768w, https:\/\/prometheus.museum\/wp-content\/uploads\/2022\/05\/BAR-003-SAINTEMARIE-P-225x300.jpg 225w, https:\/\/prometheus.museum\/wp-content\/uploads\/2022\/05\/BAR-003-SAINTEMARIE-P-600x800.jpg 600w, https:\/\/prometheus.museum\/wp-content\/uploads\/2022\/05\/BAR-003-SAINTEMARIE-P.jpg 980w\" sizes=\"auto, (max-width: 768px) 100vw, 768px\" \/><\/p>\n<p>El brandon desembarc\u00f3, se separ\u00f3 y se quill\u00f3 para la fiesta de 2021, 25 de junio de 2021 \u00a9 Mathilde Lamothe\/CIRDOC-Institut occitan de cultura. <\/p>\n","protected":false},"excerpt":{"rendered":"<p>En el pueblo Baroussais de Sainte-Marie, se prepara un brandon de acuerdo con las t\u00e9cnicas tradicionales: el tronco se divide y luego se colocan las esquinas de madera en las ranuras para secarlo. Luego es quillado en la entrada de la comuna. La fiesta del brandon de San Juan es organizada por el Comit\u00e9 de [&hellip;]<\/p>\n","protected":false},"author":1,"featured_media":0,"comment_status":"open","ping_status":"open","sticky":false,"template":"","format":"standard","meta":{"_monsterinsights_skip_tracking":false,"_monsterinsights_sitenote_active":false,"_monsterinsights_sitenote_note":"","_monsterinsights_sitenote_category":0,"_uf_show_specific_survey":0,"_uf_disable_surveys":false,"footnotes":""},"categories":[119],"tags":[],"class_list":["post-22602","post","type-post","status-publish","format-standard","hentry","category-francia-es"],"_links":{"self":[{"href":"https:\/\/prometheus.museum\/es\/wp-json\/wp\/v2\/posts\/22602","targetHints":{"allow":["GET"]}}],"collection":[{"href":"https:\/\/prometheus.museum\/es\/wp-json\/wp\/v2\/posts"}],"about":[{"href":"https:\/\/prometheus.museum\/es\/wp-json\/wp\/v2\/types\/post"}],"author":[{"embeddable":true,"href":"https:\/\/prometheus.museum\/es\/wp-json\/wp\/v2\/users\/1"}],"replies":[{"embeddable":true,"href":"https:\/\/prometheus.museum\/es\/wp-json\/wp\/v2\/comments?post=22602"}],"version-history":[{"count":5,"href":"https:\/\/prometheus.museum\/es\/wp-json\/wp\/v2\/posts\/22602\/revisions"}],"predecessor-version":[{"id":22777,"href":"https:\/\/prometheus.museum\/es\/wp-json\/wp\/v2\/posts\/22602\/revisions\/22777"}],"wp:attachment":[{"href":"https:\/\/prometheus.museum\/es\/wp-json\/wp\/v2\/media?parent=22602"}],"wp:term":[{"taxonomy":"category","embeddable":true,"href":"https:\/\/prometheus.museum\/es\/wp-json\/wp\/v2\/categories?post=22602"},{"taxonomy":"post_tag","embeddable":true,"href":"https:\/\/prometheus.museum\/es\/wp-json\/wp\/v2\/tags?post=22602"}],"curies":[{"name":"wp","href":"https:\/\/api.w.org\/{rel}","templated":true}]}}