{"id":22610,"date":"2022-06-13T17:31:31","date_gmt":"2022-06-13T15:31:31","guid":{"rendered":"https:\/\/prometheus.museum\/sant-julia-de-cerdanyola\/"},"modified":"2022-10-13T22:07:36","modified_gmt":"2022-10-13T20:07:36","slug":"sant-julia-de-cerdanyola","status":"publish","type":"post","link":"https:\/\/prometheus.museum\/es\/sant-julia-de-cerdanyola\/","title":{"rendered":"Sant Juli\u00e0 de Cerdanyola"},"content":{"rendered":"<p>Esta es una de las dos \u00fanicas fiestas que se celebran en invierno, junto con el pueblo vecino de Bag\u00e0, y coincidiendo con la Nochebuena, celebrando pues el solsticio de invierno. La preparaci\u00f3n comienza un mes antes: cada <em>fallaire<\/em> prepara sus fallas, hechas con una hierba llamada <em>Cephalaria leucantha<\/em>, a la que se le atribuyen ciertos poderes purificadores y que se ha ido a recoger al bosque. Una vez en casa, la ponen a secar para que, llegada la hora, queme bien. La hierba es trenzada formando unas varas de uno a cuatro metros de largo y un grosor de 15 a 30 cms. Llegada en Nochebuena, la Fia-faia se empezar\u00e1 a ligar (a diferencia de la de Bag\u00e0) alrededor de un objeto (palo, bast\u00f3n, tronco&#8230;) que le sirva de \u201calma\u201d (palo interior que le da estructura).<\/p>\n<p>Por la noche, cuando oscure, con el repicar de las campanas, los habitantes del pueblo acuden con antorchas hacia la plaza de la Iglesia. La fiesta comienza a las 18h. con el encendido de la hoguera en el Clos. Los encargados de bajar las antorchas, a las 6 de la tarde, encender\u00e1n sus fallas e ir\u00e1n bajando por la monta\u00f1a hasta llegar a la plaza, donde dar\u00e1n su fuego al resto de participantes de la fiesta. Las fallas se ir\u00e1n encendiendo sobre las 18,30h. La plaza quedar\u00e1 a oscuras, tan solo iluminada por el fuego y las chispas de las numerosas fallas. Peque\u00f1os y grandes giran sus fallas, recitando &#8220;Fia-faia, Fia-faia, que Nuestro Se\u00f1or ha nacido en la paja\u201d.<\/p>\n<p>Despu\u00e9s se agrupan sus restos en medio de la plaza y se salta por encima del fuego, s\u00edmbolo de la renovaci\u00f3n y la purificaci\u00f3n. Al final se hace el baile de la fia faia en la Pla\u00e7a de l\u2019Esgl\u00e9sia. La fiesta forma parte de la celebraci\u00f3n de Nochebuena, durante toda la noche, La <em>endre\u00e7a<\/em> de las casas se lleva a cabo saliendo de Misa del Gallo. Despu\u00e9s de la misa, se hace un resop\u00f3n en la plaza: sobre el fuego que se hace, se cuecen catas, butifarras, carne&#8230; y se mezcla ajo y aceite de membrillo, vino, cava, etc. Durante esta comida se cantan canciones de Navidad. Acabado el tibur\u00f3n, empieza el arrebato general. Todo puede llegar a ser arreglado, todo lo que se arregla se lleva a la plaza y all\u00ed queda arreglado hasta el d\u00eda siguiente, d\u00eda de Navidad. Los objetos arreglados pueden ser muy diversos: entre los m\u00e1s curiosos se recuerdan una mesa y sillas de playa con parasol incluido, una cazuela llena de leche, cestas, testeos, carros, carretillas y herramientas de todo tipo, un \u00e1rbol de Navidad adornado y todo, cubos de basura, neum\u00e1ticos, se\u00f1ales de tr\u00e1fico y lavanda diversa como calcetines, s\u00e1banas, toallas y, no hace muchos a\u00f1os, unas calzas de &#8220;grandes dimensiones&#8221;.<\/p>\n<p><strong>M\u00e1s informaci\u00f3n<\/strong> : <a href=\"https:\/\/www.santjuliadecerdanyola.cat\/turisme\/les-festes\/fia-faia\/\" target=\"_blank\" rel=\"noopener\">https:\/\/www.santjuliadecerdanyola.cat\/turisme\/les-festes\/fia-faia\/<\/a><br \/>\n<strong>Mail<\/strong> : st.juliac@diba.cat<br \/>\n<strong>Facebook<\/strong> : <a href=\"https:\/\/www.facebook.com\/Ajuntament-de-Sant-Juli%C3%A0-de-Cerdanyola-110026233034897\/\" target=\"_blank\" rel=\"noopener\">https:\/\/www.facebook.com\/Ajuntament-de-Sant-Juli%C3%A0-de-Cerdanyola-110026233034897\/ <\/a><br \/>\n<strong>Tel. Ayuntamiento<\/strong> : +34 938 227 667<\/p>\n<p><strong>Para saber m\u00e1s<\/strong><br \/>\nPedrals, X. (2007). <em>Ancestral, m\u00e0gica, \u00fanica<\/em>. Barcelona: Publicacions de l\u2019Abadia de Montserrat.<br \/>\nPedrals, X. i Escobet, M. (2017). <em>Fia-faia. La festa de falles nadalenca<\/em>. Bag\u00e0-St. Juli\u00e0 de Cerdanyola: Farrell<\/p>\n<p><strong>Fotos y v\u00eddeos<\/strong><\/p>\n<p><a href=\"https:\/\/www.youtube.com\/watch?v=pyf5gQywJbc&amp;t=17s&amp;ab_channel=Televisi%C3%B3delBergued%C3%A0\" target=\"_blank\" rel=\"noopener\">https:\/\/www.youtube.com\/watch?v=pyf5gQywJbc&amp;t=17s&amp;ab_channel=Televisi%C3%B3delBergued%C3%A0<\/a><\/p>\n<p><img loading=\"lazy\" decoding=\"async\" class=\"alignnone size-full wp-image-16033\" src=\"https:\/\/prometheus.museum\/wp-content\/uploads\/2022\/06\/STJULIAC-001-2003.Satisfaccio.jpg\" alt=\"Sant Juli\u00e0 de Cerdanyola\" width=\"980\" height=\"1500\" srcset=\"https:\/\/prometheus.museum\/wp-content\/uploads\/2022\/06\/STJULIAC-001-2003.Satisfaccio.jpg 980w, https:\/\/prometheus.museum\/wp-content\/uploads\/2022\/06\/STJULIAC-001-2003.Satisfaccio-196x300.jpg 196w, https:\/\/prometheus.museum\/wp-content\/uploads\/2022\/06\/STJULIAC-001-2003.Satisfaccio-669x1024.jpg 669w, https:\/\/prometheus.museum\/wp-content\/uploads\/2022\/06\/STJULIAC-001-2003.Satisfaccio-768x1176.jpg 768w\" sizes=\"auto, (max-width: 980px) 100vw, 980px\" \/><br \/>\nSatisfacci\u00f3n. Construcci\u00f3n de las fallas. Sant Juli\u00e0 de Cerdanyola, Bergued\u00e0, Catalu\u00f1a. 2003. Fotograf\u00eda: Ayuntamiento de Sant Juli\u00e0 de Cerdanyola. <\/p>\n<p><img loading=\"lazy\" decoding=\"async\" class=\"alignnone size-full wp-image-16038\" src=\"https:\/\/prometheus.museum\/wp-content\/uploads\/2022\/06\/STJULIAC-002-2019.Foc-i-festa.jpg\" alt=\"Sant Juli\u00e0 de Cerdanyola\" width=\"980\" height=\"654\" srcset=\"https:\/\/prometheus.museum\/wp-content\/uploads\/2022\/06\/STJULIAC-002-2019.Foc-i-festa.jpg 980w, https:\/\/prometheus.museum\/wp-content\/uploads\/2022\/06\/STJULIAC-002-2019.Foc-i-festa-300x200.jpg 300w, https:\/\/prometheus.museum\/wp-content\/uploads\/2022\/06\/STJULIAC-002-2019.Foc-i-festa-768x513.jpg 768w\" sizes=\"auto, (max-width: 980px) 100vw, 980px\" \/><br \/>\nFuego y fiesta. Sant Juli\u00e0 de Cerdanyola, Bergued\u00e0, Catalu\u00f1a 2019. Fotograf\u00eda: Ayuntamiento de Sant Juli\u00e0 de Cerdanyola.<\/p>\n","protected":false},"excerpt":{"rendered":"<p>Esta es una de las dos \u00fanicas fiestas que se celebran en invierno, junto con el pueblo vecino de Bag\u00e0, y coincidiendo con la Nochebuena, celebrando pues el solsticio de invierno. La preparaci\u00f3n comienza un mes antes: cada fallaire prepara sus fallas, hechas con una hierba llamada Cephalaria leucantha, a la que se le atribuyen [&hellip;]<\/p>\n","protected":false},"author":1,"featured_media":0,"comment_status":"open","ping_status":"open","sticky":false,"template":"","format":"standard","meta":{"_monsterinsights_skip_tracking":false,"_monsterinsights_sitenote_active":false,"_monsterinsights_sitenote_note":"","_monsterinsights_sitenote_category":0,"_uf_show_specific_survey":0,"_uf_disable_surveys":false,"footnotes":""},"categories":[117],"tags":[],"class_list":["post-22610","post","type-post","status-publish","format-standard","hentry","category-espagne-es"],"_links":{"self":[{"href":"https:\/\/prometheus.museum\/es\/wp-json\/wp\/v2\/posts\/22610","targetHints":{"allow":["GET"]}}],"collection":[{"href":"https:\/\/prometheus.museum\/es\/wp-json\/wp\/v2\/posts"}],"about":[{"href":"https:\/\/prometheus.museum\/es\/wp-json\/wp\/v2\/types\/post"}],"author":[{"embeddable":true,"href":"https:\/\/prometheus.museum\/es\/wp-json\/wp\/v2\/users\/1"}],"replies":[{"embeddable":true,"href":"https:\/\/prometheus.museum\/es\/wp-json\/wp\/v2\/comments?post=22610"}],"version-history":[{"count":3,"href":"https:\/\/prometheus.museum\/es\/wp-json\/wp\/v2\/posts\/22610\/revisions"}],"predecessor-version":[{"id":22903,"href":"https:\/\/prometheus.museum\/es\/wp-json\/wp\/v2\/posts\/22610\/revisions\/22903"}],"wp:attachment":[{"href":"https:\/\/prometheus.museum\/es\/wp-json\/wp\/v2\/media?parent=22610"}],"wp:term":[{"taxonomy":"category","embeddable":true,"href":"https:\/\/prometheus.museum\/es\/wp-json\/wp\/v2\/categories?post=22610"},{"taxonomy":"post_tag","embeddable":true,"href":"https:\/\/prometheus.museum\/es\/wp-json\/wp\/v2\/tags?post=22610"}],"curies":[{"name":"wp","href":"https:\/\/api.w.org\/{rel}","templated":true}]}}