{"id":22624,"date":"2022-05-08T16:20:03","date_gmt":"2022-05-08T14:20:03","guid":{"rendered":"https:\/\/prometheus.museum\/sost-65\/"},"modified":"2022-10-13T14:12:34","modified_gmt":"2022-10-13T12:12:34","slug":"sost-65","status":"publish","type":"post","link":"https:\/\/prometheus.museum\/es\/sost-65\/","title":{"rendered":"Sost"},"content":{"rendered":"<p>En este pueblo, el brandon es organizado por la Asociaci\u00f3n Deportiva y Cultural Sostoise. Un \u00e1rbol se divide en su longitud y luego se le insertan esquinas de madera. Paja y un ramo de flores colocado en la parte superior terminan de decorar el brandon. La fiesta permite que los y las habitantes del pueblo se re\u00fanan alrededor de una comida antes de la quema del brandon por la noche. El evento se celebra el s\u00e1bado siguiente al d\u00eda de San Juan. <\/p>\n<p>Nombre en franc\u00e9s: Sost<br \/>\nNombre en occitano: S\u00f2st<\/p>\n<p><strong>M\u00e1s informaci\u00f3n<\/strong> : https:\/\/tourisme-neste-barousse.fr\/site\/la-tradition-des-brandons\/<\/p>\n<p><strong>Nom occitan<\/strong> : S\u00f2st<\/p>\n<p><strong>Correo electr\u00f3nico<\/strong> : commune-de-sost@orange.fr<\/p>\n<p><strong>Redes sociales<\/strong> :<\/p>\n<p><strong>Tel. Ayuntamiento<\/strong> : +33562392200<\/p>\n<p><img loading=\"lazy\" decoding=\"async\" class=\"alignnone size-full wp-image-10151\" src=\"https:\/\/prometheus.museum\/wp-content\/uploads\/2022\/05\/BAR-001-SOST-P.jpg\" alt=\"\" width=\"980\" height=\"735\" srcset=\"https:\/\/prometheus.museum\/wp-content\/uploads\/2022\/05\/BAR-001-SOST-P.jpg 980w, https:\/\/prometheus.museum\/wp-content\/uploads\/2022\/05\/BAR-001-SOST-P-300x225.jpg 300w, https:\/\/prometheus.museum\/wp-content\/uploads\/2022\/05\/BAR-001-SOST-P-768x576.jpg 768w, https:\/\/prometheus.museum\/wp-content\/uploads\/2022\/05\/BAR-001-SOST-P-800x600.jpg 800w\" sizes=\"auto, (max-width: 980px) 100vw, 980px\" \/><\/p>\n<p>Peque\u00f1os brandones acolchados y floridos utilizados para encender el fuego, 30 de junio de 2015 \u00a9 CC Neste-Barousse.  <\/p>\n<p><img loading=\"lazy\" decoding=\"async\" class=\"alignnone size-large wp-image-10163\" src=\"https:\/\/prometheus.museum\/wp-content\/uploads\/2022\/05\/BAR-002-SOST-P-768x1024.jpg\" alt=\"\" width=\"768\" height=\"1024\" srcset=\"https:\/\/prometheus.museum\/wp-content\/uploads\/2022\/05\/BAR-002-SOST-P-768x1024.jpg 768w, https:\/\/prometheus.museum\/wp-content\/uploads\/2022\/05\/BAR-002-SOST-P-225x300.jpg 225w, https:\/\/prometheus.museum\/wp-content\/uploads\/2022\/05\/BAR-002-SOST-P-600x800.jpg 600w, https:\/\/prometheus.museum\/wp-content\/uploads\/2022\/05\/BAR-002-SOST-P.jpg 980w\" sizes=\"auto, (max-width: 768px) 100vw, 768px\" \/><\/p>\n<p>Trompetistas frente al brandon, 30 de junio de 2015 \u00a9 CC Neste-Barousse.  <\/p>\n<p><img loading=\"lazy\" decoding=\"async\" class=\"alignnone size-large wp-image-10174\" src=\"https:\/\/prometheus.museum\/wp-content\/uploads\/2022\/05\/BAR-003-SOST-P-768x1024.jpg\" alt=\"\" width=\"768\" height=\"1024\" srcset=\"https:\/\/prometheus.museum\/wp-content\/uploads\/2022\/05\/BAR-003-SOST-P-768x1024.jpg 768w, https:\/\/prometheus.museum\/wp-content\/uploads\/2022\/05\/BAR-003-SOST-P-225x300.jpg 225w, https:\/\/prometheus.museum\/wp-content\/uploads\/2022\/05\/BAR-003-SOST-P-600x800.jpg 600w, https:\/\/prometheus.museum\/wp-content\/uploads\/2022\/05\/BAR-003-SOST-P.jpg 980w\" sizes=\"auto, (max-width: 768px) 100vw, 768px\" \/><\/p>\n<p>El brandon acolchado con el ramo de flores que lo corona, 30 de junio de 2015 \u00a9 CC Neste-Barousse.  <\/p>\n<p><img loading=\"lazy\" decoding=\"async\" class=\"alignnone size-large wp-image-10182\" src=\"https:\/\/prometheus.museum\/wp-content\/uploads\/2022\/05\/BAR-004-SOST-P-768x1024.jpg\" alt=\"\" width=\"768\" height=\"1024\" srcset=\"https:\/\/prometheus.museum\/wp-content\/uploads\/2022\/05\/BAR-004-SOST-P-768x1024.jpg 768w, https:\/\/prometheus.museum\/wp-content\/uploads\/2022\/05\/BAR-004-SOST-P-225x300.jpg 225w, https:\/\/prometheus.museum\/wp-content\/uploads\/2022\/05\/BAR-004-SOST-P-600x800.jpg 600w, https:\/\/prometheus.museum\/wp-content\/uploads\/2022\/05\/BAR-004-SOST-P.jpg 980w\" sizes=\"auto, (max-width: 768px) 100vw, 768px\" \/><\/p>\n<p>La quema del brandon, 30 de junio de 2015 \u00a9 CC Neste-Barousse.  <\/p>\n","protected":false},"excerpt":{"rendered":"<p>En este pueblo, el brandon es organizado por la Asociaci\u00f3n Deportiva y Cultural Sostoise. Un \u00e1rbol se divide en su longitud y luego se le insertan esquinas de madera. Paja y un ramo de flores colocado en la parte superior terminan de decorar el brandon. La fiesta permite que los y las habitantes del pueblo [&hellip;]<\/p>\n","protected":false},"author":1,"featured_media":0,"comment_status":"open","ping_status":"open","sticky":false,"template":"","format":"standard","meta":{"_monsterinsights_skip_tracking":false,"_monsterinsights_sitenote_active":false,"_monsterinsights_sitenote_note":"","_monsterinsights_sitenote_category":0,"_uf_show_specific_survey":0,"_uf_disable_surveys":false,"footnotes":""},"categories":[119],"tags":[],"class_list":["post-22624","post","type-post","status-publish","format-standard","hentry","category-francia-es"],"_links":{"self":[{"href":"https:\/\/prometheus.museum\/es\/wp-json\/wp\/v2\/posts\/22624","targetHints":{"allow":["GET"]}}],"collection":[{"href":"https:\/\/prometheus.museum\/es\/wp-json\/wp\/v2\/posts"}],"about":[{"href":"https:\/\/prometheus.museum\/es\/wp-json\/wp\/v2\/types\/post"}],"author":[{"embeddable":true,"href":"https:\/\/prometheus.museum\/es\/wp-json\/wp\/v2\/users\/1"}],"replies":[{"embeddable":true,"href":"https:\/\/prometheus.museum\/es\/wp-json\/wp\/v2\/comments?post=22624"}],"version-history":[{"count":5,"href":"https:\/\/prometheus.museum\/es\/wp-json\/wp\/v2\/posts\/22624\/revisions"}],"predecessor-version":[{"id":22771,"href":"https:\/\/prometheus.museum\/es\/wp-json\/wp\/v2\/posts\/22624\/revisions\/22771"}],"wp:attachment":[{"href":"https:\/\/prometheus.museum\/es\/wp-json\/wp\/v2\/media?parent=22624"}],"wp:term":[{"taxonomy":"category","embeddable":true,"href":"https:\/\/prometheus.museum\/es\/wp-json\/wp\/v2\/categories?post=22624"},{"taxonomy":"post_tag","embeddable":true,"href":"https:\/\/prometheus.museum\/es\/wp-json\/wp\/v2\/tags?post=22624"}],"curies":[{"name":"wp","href":"https:\/\/api.w.org\/{rel}","templated":true}]}}