{"id":24548,"date":"2023-04-28T07:29:54","date_gmt":"2023-04-28T05:29:54","guid":{"rendered":"https:\/\/prometheus.museum\/baga\/"},"modified":"2023-04-28T07:29:54","modified_gmt":"2023-04-28T05:29:54","slug":"baga","status":"publish","type":"post","link":"https:\/\/prometheus.museum\/oc\/baga\/","title":{"rendered":"Bag\u00e0"},"content":{"rendered":"<p>Aquera h\u00e8sta qu&#8217;ei ua deras duas e unicas que&#8217;s h\u00e8n en iv\u00e8rn, ath madeish moment dab eth vilatge vesin de Sant Juli\u00e0 de Cerdanyola, e que co\u00efncideishen dab era net de Nadau, e que cel\u00e8bran donc eth solstici d\u2019iv\u00e8rn. Era h\u00e8sta se cel\u00e8bra sens interrupcion dempu\u00e8i fa de centenats d\u2019ans, mas a comptar del 2001 se reformul\u00e8t tot en recuperant la davalada de faies (halhas), que ja s\u2019avi\u00e1 celebrat d&#8217;ans enr\u00e8 mas que s\u2019avi\u00e1 perdut, e en donant lu\u00f2c al format actual dera h\u00e8sta, que balh\u00e8c f\u00f2rma ara h\u00e8sta actuala.<\/p>\n<p>Era preparacion que comen\u00e7a quauquas setmanas abans : cada halhaire que&#8217;s prepara eras suas halhas<em>, <\/em>h\u00e8tas dab ua planta aperada Cephalaria leucantha, araquau s&#8217;atribueishen uns poders purificadors e que van cu\u00e9lher en b\u00f2sc. Aquera \u00e8rba qu&#8217;ei triscada ent\u00e0 formar\u00a0 h\u00e8ishis de un a quate mestres de long e de 15 a 30 cms d&#8217;espessor. Halhairas e halhaires que se\u2019n van deth vilatge a 18 h, dab era sua halha dinc ath <em>faro<\/em>\/lenh\u00e8r, on s\u2019aluga eth huec quan eth solelh e&#8217;s coca. Eras halhas alhamadas que son miadas de cap ath vilatge en tot formar ua serpentina coma entaras baishadas de halhas.<\/p>\n<p>Ara entrada deth vilatge, eth baile que balha un mocador a cada-un deths portaires de halhas, ent\u00e0 apar\u00e0&#8217;s deras buas, e que&#8217;s reparteish eth huec ath resta deras halhas que non an pujat ena montanha. Eras halhas que son passejadas peth vilatge, peth carr\u00e8r major dinc ara pla\u00e7a Porxada, on e&#8217;s contunha era h\u00e8sta. Quan eras halhas son guaireben cremadas, que son lan\u00e7adas ent\u00e0 h\u00e8r petitas <em>fogueres,<\/em> quauquas personas que sautan per dess\u00fas. Pera pla\u00e7a, eth monde que cantan aqueth arrepic : \u201cFia-faia, fia-faia, que N\u00f2ste S\u00e9nher ei neishut sus era palha\u201d, e que comen\u00e7an a h\u00e8r dan\u00e7as en c\u00e8rcle acompanhadas de musica. Pendent era cremada deras halhas, eras campanas dera gl\u00e8isa que sonan a bando. Arr\u00f2stas de pan que son passadas ena brasa que dem\u00f2ra e\u00a0 que son untadas dab alh\u00f2li de codonh.<\/p>\n<p><strong>Ent\u00e0&#8217;n saber m\u00e8s<\/strong> : <a href=\"https:\/\/www.baga.cat\/turisme\/festes-i-fires\/fia-faia.html\" target=\"_blank\" rel=\"noopener\">https:\/\/www.baga.cat\/turisme\/festes-i-fires\/fia-faia.html<\/a><br \/>\n<strong>Instagram<\/strong> : #fiafaia<br \/>\n<strong>Tel<\/strong>. comuna : +34 938 244 013<\/p>\n<p><strong>Ent\u00e0&#8217;n saber m\u00e8s :<\/strong><br \/>\nPedrals, X. (2007). Ancestral, m\u00e0gica, \u00fanica. Barcelone: Publication de l\u2019Abbaye de Montserrat.<br \/>\nPedrals, X. i Escobet, M. (2017). Fia-faia. La festa de falles nadalenca. Bag\u00e0-St. Juli\u00e0 de Cerdanyola : Farrell<\/p>\n<p><strong>Fotos e videos <\/strong><\/p>\n<p>Television deth Bergued\u00e0 2012<br \/>\n<a href=\"https:\/\/www.youtube.com\/watch?v=eUpQ0Y96iZ8&amp;t=638s&amp;ab_channel=Televisi%C3%B3delBergued%C3%A0\" target=\"_blank\" rel=\"noopener\">https:\/\/www.youtube.com\/watch?v=eUpQ0Y96iZ8&amp;t=638s&amp;ab_channel=Televisi%C3%B3delBergued%C3%A0<\/a><\/p>\n<p>Television deth Bergued\u00e0 2014<br \/>\n<a href=\"https:\/\/www.youtube.com\/watch?v=kAS9K4MKt_c\" target=\"_blank\" rel=\"noopener\">https:\/\/www.youtube.com\/watch?v=kAS9K4MKt_c <\/a><\/p>\n<p>Talh\u00e8r de fia faia. Comuna de Bag\u00e0<br \/>\n<a href=\"https:\/\/www.youtube.com\/watch?v=sBZf6pUhh_I\" target=\"_blank\" rel=\"noopener\">https:\/\/www.youtube.com\/watch?v=sBZf6pUhh_I<\/a><\/p>\n<p>Comuna de Bag\u00e0<br \/>\n<a href=\"https:\/\/www.youtube.com\/watch?v=2pKQIkmSJ-o&amp;t=36s\" target=\"_blank\" rel=\"noopener\">https:\/\/www.youtube.com\/watch?v=2pKQIkmSJ-o&amp;t=36s <\/a><\/p>\n<p><img loading=\"lazy\" decoding=\"async\" class=\"alignnone size-full wp-image-15759\" src=\"https:\/\/prometheus.museum\/wp-content\/uploads\/2022\/06\/BAGA-001-Roige\u0301-IMG_6906.jpg\" alt=\"Bag\u00e0\" width=\"980\" height=\"735\" srcset=\"https:\/\/prometheus.museum\/wp-content\/uploads\/2022\/06\/BAGA-001-Roige\u0301-IMG_6906.jpg 980w, https:\/\/prometheus.museum\/wp-content\/uploads\/2022\/06\/BAGA-001-Roige\u0301-IMG_6906-300x225.jpg 300w, https:\/\/prometheus.museum\/wp-content\/uploads\/2022\/06\/BAGA-001-Roige\u0301-IMG_6906-768x576.jpg 768w, https:\/\/prometheus.museum\/wp-content\/uploads\/2022\/06\/BAGA-001-Roige\u0301-IMG_6906-800x600.jpg 800w\" sizes=\"auto, (max-width: 980px) 100vw, 980px\" \/><br \/>\nFia faia Bag\u00e0, 2021. Fotografia  : Xavier Roig\u00e9<\/p>\n<p><img loading=\"lazy\" decoding=\"async\" class=\"alignnone size-full wp-image-15764\" src=\"https:\/\/prometheus.museum\/wp-content\/uploads\/2022\/06\/BAGA-002-Roige\u0301-IMG_6921.jpg\" alt=\"Bag\u00e0\" width=\"980\" height=\"735\" srcset=\"https:\/\/prometheus.museum\/wp-content\/uploads\/2022\/06\/BAGA-002-Roige\u0301-IMG_6921.jpg 980w, https:\/\/prometheus.museum\/wp-content\/uploads\/2022\/06\/BAGA-002-Roige\u0301-IMG_6921-300x225.jpg 300w, https:\/\/prometheus.museum\/wp-content\/uploads\/2022\/06\/BAGA-002-Roige\u0301-IMG_6921-768x576.jpg 768w, https:\/\/prometheus.museum\/wp-content\/uploads\/2022\/06\/BAGA-002-Roige\u0301-IMG_6921-800x600.jpg 800w\" sizes=\"auto, (max-width: 980px) 100vw, 980px\" \/><br \/>\nFia faia Bag\u00e0, 2021. Fotografia  : Xavier Roig\u00e9<\/p>\n<p><img loading=\"lazy\" decoding=\"async\" class=\"alignnone size-full wp-image-15769\" src=\"https:\/\/prometheus.museum\/wp-content\/uploads\/2022\/06\/BAGA-003-Roige\u0301-IMG_6985.jpg\" alt=\"Bag\u00e0\" width=\"980\" height=\"735\" srcset=\"https:\/\/prometheus.museum\/wp-content\/uploads\/2022\/06\/BAGA-003-Roige\u0301-IMG_6985.jpg 980w, https:\/\/prometheus.museum\/wp-content\/uploads\/2022\/06\/BAGA-003-Roige\u0301-IMG_6985-300x225.jpg 300w, https:\/\/prometheus.museum\/wp-content\/uploads\/2022\/06\/BAGA-003-Roige\u0301-IMG_6985-768x576.jpg 768w, https:\/\/prometheus.museum\/wp-content\/uploads\/2022\/06\/BAGA-003-Roige\u0301-IMG_6985-800x600.jpg 800w\" sizes=\"auto, (max-width: 980px) 100vw, 980px\" \/><br \/>\nFia faia Bag\u00e0, 2021. Fotografia  : Xavier Roig\u00e9<\/p>\n<p><img loading=\"lazy\" decoding=\"async\" class=\"alignnone size-full wp-image-15774\" src=\"https:\/\/prometheus.museum\/wp-content\/uploads\/2022\/06\/BAGA-004-Roige\u0301-IMG_7028.jpg\" alt=\"Bag\u00e0\" width=\"980\" height=\"735\" srcset=\"https:\/\/prometheus.museum\/wp-content\/uploads\/2022\/06\/BAGA-004-Roige\u0301-IMG_7028.jpg 980w, https:\/\/prometheus.museum\/wp-content\/uploads\/2022\/06\/BAGA-004-Roige\u0301-IMG_7028-300x225.jpg 300w, https:\/\/prometheus.museum\/wp-content\/uploads\/2022\/06\/BAGA-004-Roige\u0301-IMG_7028-768x576.jpg 768w, https:\/\/prometheus.museum\/wp-content\/uploads\/2022\/06\/BAGA-004-Roige\u0301-IMG_7028-800x600.jpg 800w\" sizes=\"auto, (max-width: 980px) 100vw, 980px\" \/><br \/>\nFia faia Bag\u00e0, 2021. Fotografia  : Xavier Roig\u00e9<\/p>\n","protected":false},"excerpt":{"rendered":"<p>Aquera h\u00e8sta qu&#8217;ei ua deras duas e unicas que&#8217;s h\u00e8n en iv\u00e8rn, ath madeish moment dab eth vilatge vesin de Sant Juli\u00e0 de Cerdanyola, e que co\u00efncideishen dab era net de Nadau, e que cel\u00e8bran donc eth solstici d\u2019iv\u00e8rn. Era h\u00e8sta se cel\u00e8bra sens interrupcion dempu\u00e8i fa de centenats d\u2019ans, mas a comptar del 2001 [&hellip;]<\/p>\n","protected":false},"author":1,"featured_media":0,"comment_status":"open","ping_status":"open","sticky":false,"template":"","format":"standard","meta":{"_monsterinsights_skip_tracking":false,"_monsterinsights_sitenote_active":false,"_monsterinsights_sitenote_note":"","_monsterinsights_sitenote_category":0,"_uf_show_specific_survey":0,"_uf_disable_surveys":false,"footnotes":""},"categories":[177],"tags":[],"class_list":["post-24548","post","type-post","status-publish","format-standard","hentry","category-espanha"],"_links":{"self":[{"href":"https:\/\/prometheus.museum\/oc\/wp-json\/wp\/v2\/posts\/24548","targetHints":{"allow":["GET"]}}],"collection":[{"href":"https:\/\/prometheus.museum\/oc\/wp-json\/wp\/v2\/posts"}],"about":[{"href":"https:\/\/prometheus.museum\/oc\/wp-json\/wp\/v2\/types\/post"}],"author":[{"embeddable":true,"href":"https:\/\/prometheus.museum\/oc\/wp-json\/wp\/v2\/users\/1"}],"replies":[{"embeddable":true,"href":"https:\/\/prometheus.museum\/oc\/wp-json\/wp\/v2\/comments?post=24548"}],"version-history":[{"count":0,"href":"https:\/\/prometheus.museum\/oc\/wp-json\/wp\/v2\/posts\/24548\/revisions"}],"wp:attachment":[{"href":"https:\/\/prometheus.museum\/oc\/wp-json\/wp\/v2\/media?parent=24548"}],"wp:term":[{"taxonomy":"category","embeddable":true,"href":"https:\/\/prometheus.museum\/oc\/wp-json\/wp\/v2\/categories?post=24548"},{"taxonomy":"post_tag","embeddable":true,"href":"https:\/\/prometheus.museum\/oc\/wp-json\/wp\/v2\/tags?post=24548"}],"curies":[{"name":"wp","href":"https:\/\/api.w.org\/{rel}","templated":true}]}}