{"id":24555,"date":"2023-04-28T07:44:13","date_gmt":"2023-04-28T05:44:13","guid":{"rendered":"https:\/\/prometheus.museum\/casos\/"},"modified":"2023-04-28T07:44:13","modified_gmt":"2023-04-28T05:44:13","slug":"casos","status":"publish","type":"post","link":"https:\/\/prometheus.museum\/oc\/casos\/","title":{"rendered":"Cas\u00f3s"},"content":{"rendered":"<p>Eras halhas de Cas\u00f3s que&#8217;s deish\u00e8ren en 1986, sense relan\u00e7a dinc a 2001. Era halha, coma en eths autis vilatges deth par\u00e7an, qu&#8217;ei un tronc resin\u00f3s o teda alugada (coma ua t\u00f2rsha) que va dinc a\u00a0 2 mestres de long. Eth dia deras halhas, era net de Sent Joan, eths portaires de halhas que pujan ath <em>faro<\/em>\/lenh\u00e8r (Serrafuga, 1.310 m.), a p\u00e8, en seguir ua pista peth b\u00f2sc. Aciu haut, que s&#8217;i h\u00e8 ua grasilhada comunaut\u00e0ria, dab un huec que servir\u00e0 a alugar eras\u00a0 halhas<em>,<\/em> quan ha\u00e7a escur.<\/p>\n<p>Ara, eths halhaires qu&#8217;entran pera casa Minyana dinc ara placeta deth vilatge on d\u00e8ishan eras halhas, ent\u00e0 formar un huec gran. Eras halhas qu&#8217;an un brave pes familiau e que s\u2019an consolidat apr\u00e8s era parent\u00e8si dera fin deth s\u00e8gle XXau.<\/p>\n<p>Comuna de Pont de Suert<br \/>\n<strong>Ent\u00e0&#8217;n saber m\u00e8s<\/strong> : <a href=\"https:\/\/www.turismealtaribagorca.cat\/ca\/activitat\/festivities-traditions\/falles\" target=\"_blank\" rel=\"noopener\">https:\/\/www.turismealtaribagorca.cat\/ca\/activitat\/festivities-traditions\/falles<\/a><br \/>\n<strong>Corr\u00e8u<\/strong>: turisme@elpontdesuert.com<br \/>\n<strong>Tel<\/strong>. comuna  : +34 645 01 04 02<\/p>\n<p><strong>Ent\u00e0&#8217;n saber m\u00e8s:<\/strong><br \/>\nRiart, O. i Jord\u00e0, S. (2016). Les falles del Pirineu. L\u2019Alta Ribagor\u00e7a i el Pallars Sobir\u00e0. L\u00e9rida : \u00e9ditions Pag\u00e8s.<\/p>\n<p><strong>Fotos e videos <\/strong><\/p>\n<p>Halhas Cas\u00f3s 2013<br \/>\n<a href=\"https:\/\/www.youtube.com\/watch?v=MX3GiknCdbo\" target=\"_blank\" rel=\"noopener\">https:\/\/www.youtube.com\/watch?v=MX3GiknCdbo<\/a><\/p>\n<p><img loading=\"lazy\" decoding=\"async\" class=\"alignnone size-full wp-image-15825\" src=\"https:\/\/prometheus.museum\/wp-content\/uploads\/2022\/06\/CASO\u0301S-001-Ca\u0300tedra.jpg\" alt=\"Cas\u00f3s \" width=\"980\" height=\"649\" srcset=\"https:\/\/prometheus.museum\/wp-content\/uploads\/2022\/06\/CASO\u0301S-001-Ca\u0300tedra.jpg 980w, https:\/\/prometheus.museum\/wp-content\/uploads\/2022\/06\/CASO\u0301S-001-Ca\u0300tedra-300x199.jpg 300w, https:\/\/prometheus.museum\/wp-content\/uploads\/2022\/06\/CASO\u0301S-001-Ca\u0300tedra-768x509.jpg 768w\" sizes=\"auto, (max-width: 980px) 100vw, 980px\" \/><br \/>\nHalhas de Cas\u00f3s.<\/p>\n","protected":false},"excerpt":{"rendered":"<p>Eras halhas de Cas\u00f3s que&#8217;s deish\u00e8ren en 1986, sense relan\u00e7a dinc a 2001. Era halha, coma en eths autis vilatges deth par\u00e7an, qu&#8217;ei un tronc resin\u00f3s o teda alugada (coma ua t\u00f2rsha) que va dinc a\u00a0 2 mestres de long. Eth dia deras halhas, era net de Sent Joan, eths portaires de halhas que pujan [&hellip;]<\/p>\n","protected":false},"author":1,"featured_media":0,"comment_status":"open","ping_status":"open","sticky":false,"template":"","format":"standard","meta":{"_monsterinsights_skip_tracking":false,"_monsterinsights_sitenote_active":false,"_monsterinsights_sitenote_note":"","_monsterinsights_sitenote_category":0,"_uf_show_specific_survey":0,"_uf_disable_surveys":false,"footnotes":""},"categories":[177],"tags":[],"class_list":["post-24555","post","type-post","status-publish","format-standard","hentry","category-espanha"],"_links":{"self":[{"href":"https:\/\/prometheus.museum\/oc\/wp-json\/wp\/v2\/posts\/24555","targetHints":{"allow":["GET"]}}],"collection":[{"href":"https:\/\/prometheus.museum\/oc\/wp-json\/wp\/v2\/posts"}],"about":[{"href":"https:\/\/prometheus.museum\/oc\/wp-json\/wp\/v2\/types\/post"}],"author":[{"embeddable":true,"href":"https:\/\/prometheus.museum\/oc\/wp-json\/wp\/v2\/users\/1"}],"replies":[{"embeddable":true,"href":"https:\/\/prometheus.museum\/oc\/wp-json\/wp\/v2\/comments?post=24555"}],"version-history":[{"count":0,"href":"https:\/\/prometheus.museum\/oc\/wp-json\/wp\/v2\/posts\/24555\/revisions"}],"wp:attachment":[{"href":"https:\/\/prometheus.museum\/oc\/wp-json\/wp\/v2\/media?parent=24555"}],"wp:term":[{"taxonomy":"category","embeddable":true,"href":"https:\/\/prometheus.museum\/oc\/wp-json\/wp\/v2\/categories?post=24555"},{"taxonomy":"post_tag","embeddable":true,"href":"https:\/\/prometheus.museum\/oc\/wp-json\/wp\/v2\/tags?post=24555"}],"curies":[{"name":"wp","href":"https:\/\/api.w.org\/{rel}","templated":true}]}}