{"id":24556,"date":"2023-04-28T07:46:03","date_gmt":"2023-04-28T05:46:03","guid":{"rendered":"https:\/\/prometheus.museum\/castanesa\/"},"modified":"2023-04-28T07:46:03","modified_gmt":"2023-04-28T05:46:03","slug":"castanesa","status":"publish","type":"post","link":"https:\/\/prometheus.museum\/oc\/castanesa\/","title":{"rendered":"Castanesa"},"content":{"rendered":"<p>Eras halhas que son h\u00e8tas de pin, dab un pau que sosten div\u00e8rsas p\u00f2stes e arra\u00efces estacadas dab hiu de h\u00e8r, en tot preparar-las ent\u00e0 que poscan cremar pendent b\u00e8ra estona. Ara, era h\u00e8sta que&#8217;s h\u00e8 ent\u00e0 Sent P\u00e8ir, quan era h\u00e8sta h\u00e8sta locala ; b\u00e8th temps a, que&#8217;s h\u00e8van ent\u00e0 Sent Joan.<\/p>\n<p>Coma en d\u2019autis vilatges, eth ex\u00f2de qu\u2019avec coma consequ\u00e9ncia era p\u00e8rta dera sua celebracion, que s&#8217;arreviscol\u00e8c ath debut deras annadas 2010. Quauquis dias abans era cremada, uns quantis abitants que pujan ath <em>faro<\/em>, ent\u00e0 preparar eth huec, ath Serrat Q\u00fceso (1.600 m.), h\u00e8t a partir d\u2019un arbe eth m\u00e8s haut possible ent\u00e0 que&#8217;s posca v\u00e9der demp\u00fas eth\u00a0 madeish vilatge o demp\u00fas d&#8217;autis vilatges vesins. Coma eths autis\u00a0 vilatges aragoneses que cel\u00e8bran eras halhas, era net que comen\u00e7a en tot anar ath <em>faro<\/em>\/lenh\u00e8r, on e&#8217;s\u00a0 h\u00e8 un sopar popular a basa d&#8217;anh\u00e8th.<\/p>\n<p>Quan h\u00e8 escur, qu&#8217;alugan eras halhas e que comen\u00e7an de devarar cap ath vilatge, on son arrecebuts peth monde que son demorats, dab aplaudiments e que comen\u00e7an a c\u00f3rrer peras carr\u00e8ras. Sus era pla\u00e7a deth vilatge, que&#8217;s h\u00e8 un huec gran, dab totas eras halhas. Era h\u00e8sta que contunha dab musica, bals, charradas e bevudas. En bal deth <em>tapero<\/em>, que&#8217;s passa eth cambi deths <em>majordoms<\/em>, eths arresponsables que s&#8217;ocupar\u00e0n dera h\u00e8sta eth an que ven. Era net magica qu&#8217;ei plia de tradicions e de costumas : abans, eras cendres qu&#8217;\u00e8ran utilizadas coma fertilizants, ent\u00e0 purificar eths lar\u00e8rs.<\/p>\n<p><strong>Ent\u00e0&#8217;n saber m\u00e8s<\/strong> : <a href=\"https:\/\/visitamontanuybonansa.es\/portfolio-item\/fallas\/\" target=\"_blank\" rel=\"noopener\">https:\/\/visitamontanuybonansa.es\/portfolio-item\/fallas\/<\/a><br \/>\n<strong>Corr\u00e8u<\/strong> : ayuntamiento@montanuy.es<br \/>\n<strong>Tel<\/strong>. Ofici de Torisme : +34 974 554 009<\/p>\n<p><strong>Ent\u00e0&#8217;n saber m\u00e8s :<\/strong><br \/>\nSerrano, R.; Farr\u00e9, X. (2017) Las fallas del Pirineo aragon\u00e9s. Saragosse : Prames.<\/p>\n<p><strong>Fotos e videos <\/strong><\/p>\n<p>Arag\u00f3n TV<br \/>\n<a href=\"https:\/\/alacarta.aragontelevision.es\/programas\/raices-vivas\/cap-1-11092016-1452\" target=\"_blank\" rel=\"noopener\">https:\/\/alacarta.aragontelevision.es\/programas\/raices-vivas\/cap-1-11092016-1452<\/a><\/p>\n<p>Halhas de Castanesa<br \/>\n<a href=\"https:\/\/www.youtube.com\/watch?v=oFFD3BC_Fbg&amp;t=7s&amp;ab_channel=VisitaMontanuyyBonansa\" target=\"_blank\" rel=\"noopener\">https:\/\/www.youtube.com\/watch?v=oFFD3BC_Fbg&amp;t=7s&amp;ab_channel=VisitaMontanuyyBonansa<\/a><\/p>\n<p>Halhas de Castanesa 2016<br \/>\n<a href=\"https:\/\/www.youtube.com\/watch?v=Hruwjto-9fs\" target=\"_blank\" rel=\"noopener\">https:\/\/www.youtube.com\/watch?v=Hruwjto-9fs<\/a><\/p>\n<p><img loading=\"lazy\" decoding=\"async\" class=\"alignnone size-full wp-image-15832\" src=\"https:\/\/prometheus.museum\/wp-content\/uploads\/2022\/06\/CASTANESA-001.jpg\" alt=\"Castanesa\" width=\"980\" height=\"1469\" srcset=\"https:\/\/prometheus.museum\/wp-content\/uploads\/2022\/06\/CASTANESA-001.jpg 980w, https:\/\/prometheus.museum\/wp-content\/uploads\/2022\/06\/CASTANESA-001-200x300.jpg 200w, https:\/\/prometheus.museum\/wp-content\/uploads\/2022\/06\/CASTANESA-001-683x1024.jpg 683w, https:\/\/prometheus.museum\/wp-content\/uploads\/2022\/06\/CASTANESA-001-768x1151.jpg 768w\" sizes=\"auto, (max-width: 980px) 100vw, 980px\" \/><br \/>\nHalhas de Castanesa<\/p>\n","protected":false},"excerpt":{"rendered":"<p>Eras halhas que son h\u00e8tas de pin, dab un pau que sosten div\u00e8rsas p\u00f2stes e arra\u00efces estacadas dab hiu de h\u00e8r, en tot preparar-las ent\u00e0 que poscan cremar pendent b\u00e8ra estona. Ara, era h\u00e8sta que&#8217;s h\u00e8 ent\u00e0 Sent P\u00e8ir, quan era h\u00e8sta h\u00e8sta locala ; b\u00e8th temps a, que&#8217;s h\u00e8van ent\u00e0 Sent Joan. Coma en [&hellip;]<\/p>\n","protected":false},"author":1,"featured_media":0,"comment_status":"open","ping_status":"open","sticky":false,"template":"","format":"standard","meta":{"_monsterinsights_skip_tracking":false,"_monsterinsights_sitenote_active":false,"_monsterinsights_sitenote_note":"","_monsterinsights_sitenote_category":0,"_uf_show_specific_survey":0,"_uf_disable_surveys":false,"footnotes":""},"categories":[177],"tags":[],"class_list":["post-24556","post","type-post","status-publish","format-standard","hentry","category-espanha"],"_links":{"self":[{"href":"https:\/\/prometheus.museum\/oc\/wp-json\/wp\/v2\/posts\/24556","targetHints":{"allow":["GET"]}}],"collection":[{"href":"https:\/\/prometheus.museum\/oc\/wp-json\/wp\/v2\/posts"}],"about":[{"href":"https:\/\/prometheus.museum\/oc\/wp-json\/wp\/v2\/types\/post"}],"author":[{"embeddable":true,"href":"https:\/\/prometheus.museum\/oc\/wp-json\/wp\/v2\/users\/1"}],"replies":[{"embeddable":true,"href":"https:\/\/prometheus.museum\/oc\/wp-json\/wp\/v2\/comments?post=24556"}],"version-history":[{"count":0,"href":"https:\/\/prometheus.museum\/oc\/wp-json\/wp\/v2\/posts\/24556\/revisions"}],"wp:attachment":[{"href":"https:\/\/prometheus.museum\/oc\/wp-json\/wp\/v2\/media?parent=24556"}],"wp:term":[{"taxonomy":"category","embeddable":true,"href":"https:\/\/prometheus.museum\/oc\/wp-json\/wp\/v2\/categories?post=24556"},{"taxonomy":"post_tag","embeddable":true,"href":"https:\/\/prometheus.museum\/oc\/wp-json\/wp\/v2\/tags?post=24556"}],"curies":[{"name":"wp","href":"https:\/\/api.w.org\/{rel}","templated":true}]}}