{"id":24559,"date":"2023-04-28T07:51:48","date_gmt":"2023-04-28T05:51:48","guid":{"rendered":"https:\/\/prometheus.museum\/encamp\/"},"modified":"2023-04-28T07:52:26","modified_gmt":"2023-04-28T05:52:26","slug":"encamp","status":"publish","type":"post","link":"https:\/\/prometheus.museum\/oc\/encamp\/","title":{"rendered":"Encamp"},"content":{"rendered":"<p>Eras halhas d\u2019Encamp que sont celebradas coma eras autas halhas d\u2019And\u00f2rra, en tot h\u00e8r arr\u00f2das de huec. A Encamp, era h\u00e8sta que comen\u00e7a a 21 oras, dab un espectacle dera Colla de Diables d\u2019Andorra que crema eras halhas.\u00a0 Apr\u00e8s, eth huec qu&#8217;ei alugat, que i a un passa-carr\u00e8ra pera vila, abans d&#8217;acabar per un conc\u00e8rt. Ath Pas de la Casa, era h\u00e8sta que comen\u00e7a en tot alhamar un huec e un passa-carr\u00e8ra dab eras halhas.<\/p>\n<p><strong>Organizacion  <\/strong>: Com\u00fa d\u2019Encamp<br \/>\n<strong>Ent\u00e0&#8217;n saber m\u00e8s <\/strong> : https:\/\/www.fallesandorra.com<br \/>\n<strong>Instagram<\/strong> : @fallesandorra<br \/>\n<strong>Tel. Com\u00fa (admistracion dera parr\u00f2quia) <\/strong> : +376 873 200<\/p>\n<p><strong>Ent\u00e0&#8217;n saber m\u00e8s :<\/strong><br \/>\nBurgos, R. ; Roig, A. (2019) <em>Les falles de Sant Joan d\u2019Andorra. Quan les rodes del foc encenen les valls<\/em>. Andorra: Govern d&#8217;Andorra. Ministeri de Cultura i Esports. Andorra, febrer 2019.\u00a0 <a href=\"https:\/\/www.cultura.ad\/images\/stories\/PatrimoniImmaterial\/FestesInteresCultural\/Separata_FALLES_SANT_JOAN_2019.pdf\" target=\"_blank\" rel=\"noopener\">https:\/\/www.cultura.ad\/images\/stories\/PatrimoniImmaterial\/FestesInteresCultural\/Separata_FALLES_SANT_JOAN_2019.pdf<\/a><\/p>\n<p>Roig, A. (2018).\u00a0<em>Roda el foc. 30 anys de falles a Andorra la Vella<\/em>. Andorra-Lleida: Pag\u00e8s editors.<\/p>\n<p>Mir\u00f3, C. (2008). \u201cLes falles d\u2019Andorra, un referent folkl\u00f2ric perdut i recuperat\u201d, <em>Ex-Libris<\/em> 12, Biblioteca Nacional.<\/p>\n<p>Roig, A. (2019) <em>Les falles d&#8217;Andorra, Patrimoni immaterial de la humanitat. Una festa que creix i uneix dia rere dia<\/em>. Andorra: Govern d&#8217;Andorra. Ministeri de Cultura i Esports. Andorra, febrer 2019.<a href=\"https:\/\/www.cultura.ad\/images\/stories\/PatrimoniImmaterial\/Falles_Patrimoni_Mundial.pdf\" target=\"_blank\" rel=\"noopener\">https:\/\/www.cultura.ad\/images\/stories\/PatrimoniImmaterial\/Falles_Patrimoni_Mundial.pdf<\/a><\/p>\n","protected":false},"excerpt":{"rendered":"<p>Eras halhas d\u2019Encamp que sont celebradas coma eras autas halhas d\u2019And\u00f2rra, en tot h\u00e8r arr\u00f2das de huec. A Encamp, era h\u00e8sta que comen\u00e7a a 21 oras, dab un espectacle dera Colla de Diables d\u2019Andorra que crema eras halhas.\u00a0 Apr\u00e8s, eth huec qu&#8217;ei alugat, que i a un passa-carr\u00e8ra pera vila, abans d&#8217;acabar per un conc\u00e8rt. [&hellip;]<\/p>\n","protected":false},"author":1,"featured_media":0,"comment_status":"open","ping_status":"open","sticky":false,"template":"","format":"standard","meta":{"_monsterinsights_skip_tracking":false,"_monsterinsights_sitenote_active":false,"_monsterinsights_sitenote_note":"","_monsterinsights_sitenote_category":0,"_uf_show_specific_survey":0,"_uf_disable_surveys":false,"footnotes":""},"categories":[103],"tags":[],"class_list":["post-24559","post","type-post","status-publish","format-standard","hentry","category-andorra"],"_links":{"self":[{"href":"https:\/\/prometheus.museum\/oc\/wp-json\/wp\/v2\/posts\/24559","targetHints":{"allow":["GET"]}}],"collection":[{"href":"https:\/\/prometheus.museum\/oc\/wp-json\/wp\/v2\/posts"}],"about":[{"href":"https:\/\/prometheus.museum\/oc\/wp-json\/wp\/v2\/types\/post"}],"author":[{"embeddable":true,"href":"https:\/\/prometheus.museum\/oc\/wp-json\/wp\/v2\/users\/1"}],"replies":[{"embeddable":true,"href":"https:\/\/prometheus.museum\/oc\/wp-json\/wp\/v2\/comments?post=24559"}],"version-history":[{"count":1,"href":"https:\/\/prometheus.museum\/oc\/wp-json\/wp\/v2\/posts\/24559\/revisions"}],"predecessor-version":[{"id":24560,"href":"https:\/\/prometheus.museum\/oc\/wp-json\/wp\/v2\/posts\/24559\/revisions\/24560"}],"wp:attachment":[{"href":"https:\/\/prometheus.museum\/oc\/wp-json\/wp\/v2\/media?parent=24559"}],"wp:term":[{"taxonomy":"category","embeddable":true,"href":"https:\/\/prometheus.museum\/oc\/wp-json\/wp\/v2\/categories?post=24559"},{"taxonomy":"post_tag","embeddable":true,"href":"https:\/\/prometheus.museum\/oc\/wp-json\/wp\/v2\/tags?post=24559"}],"curies":[{"name":"wp","href":"https:\/\/api.w.org\/{rel}","templated":true}]}}