{"id":24573,"date":"2023-04-28T11:49:15","date_gmt":"2023-04-28T09:49:15","guid":{"rendered":"https:\/\/prometheus.museum\/san-chuan-de-plan\/"},"modified":"2023-04-28T11:49:15","modified_gmt":"2023-04-28T09:49:15","slug":"san-chuan-de-plan","status":"publish","type":"post","link":"https:\/\/prometheus.museum\/oc\/san-chuan-de-plan\/","title":{"rendered":"San Chuan de Plan"},"content":{"rendered":"<p>Eras gents d\u2019aqueth vilatge (148 abitants) que pujan era vrespada cap a un l\u00f2c pr\u00f2ishi deth vilatge, conegut coma era Planeta de la Falla; aras b\u00f2rdas de San Mam\u00e9s (1 300 m.). Tot eth vilatge que i participa m\u00e8s que n&#8217;i a que baishar\u00e0n sense huec. Coma ei avient d&#8217;arrib\u00e0&#8217;i en auto, que h\u00e8n un brave lenh\u00e8r, ath torn dethquau s&#8217;amassan eths <em>chistabins<\/em>, ent\u00e0 ua jornada de h\u00e8sta, que&#8217;s serveishen deras suas brasas ent\u00e0 minjar e que beven dinc a boca de net. Ad aqueth moment, cada persona qu&#8217;arrecep ua halha confeccionada a basa de tedes (<em>tietes<\/em>, en dialecte de Chistau) e que comen\u00e7an de devarar eths uns ath darr\u00e8r deths autis, cap ath l\u00f2c de San Juan. Que baishan do\u00e7ament, sense guardar ua fila estricta, peth vielh camin de h\u00e8r que trav\u00e8rsa era pista un parelh de c\u00f2ps. Un c\u00f2p arribats ath arriu Cinqueta, eths participants que s&#8217;amassan e que s&#8217;organiza ua corsa competitiva, segon eth atge e eth s\u00e8xe, d&#8217;aquiu dinc ath cement\u00e8ri deth vilatge : que ganha eth prum\u00e8r qu&#8217;arriba dab era halha alhamada. Dab eras tedas qu&#8217;arriban a San Juan, ent\u00e0 alimentar eth huec dera Falleta. Que balhan div\u00e8rsis pr\u00e8mis, istoricament que&#8217;s balhava espartenhas. Que&#8217;s ditz qu&#8217;eth baile que s&#8217;arrepassava era lista e que\u2019n calia au mens un de cada maison. Senon, que les calia pagar ua quantitat en din\u00e8rs que servia ent\u00e0 pagar eth vin deth arressopet.<\/p>\n<p>San Chuan de Plan (en aragon\u00e9s)<br \/>\nSan Juan de Plan (en castilhan)<\/p>\n<p><strong>Ent\u00e0&#8217;n saber m\u00e8s <\/strong> : <a href=\"https:\/\/www.turismosobrarbe.com\/patrimonio.php?niv=3&amp;cla=_3BV0W3W3E&amp;cla2=_3BV0W4SSP&amp;cla3=&amp;tip=2&amp;idi=1\" target=\"_blank\" rel=\"noopener\">https:\/\/www.turismosobrarbe.com\/patrimonio.php?niv=3&amp;cla=_3BV0W3W3E&amp;cla2=_3BV0W4SSP&amp;cla3=&amp;tip=2&amp;idi=1 <\/a><br \/>\n<a href=\"https:\/\/www.sanjuandeplan.es\" target=\"_blank\" rel=\"noopener\">https:\/\/www.sanjuandeplan.es <\/a><br \/>\n<a href=\"http:\/\/fallasdelpirineo.com\" target=\"_blank\" rel=\"noopener\">http:\/\/fallasdelpirineo.com <\/a><br \/>\n<strong>Corr\u00e8u <\/strong> : sanjuandeplan@sanjuandeplan.es<br \/>\n<strong>Tel<\/strong>. Comuna  : +34 974 50 62 94<\/p>\n<p><strong>Ent\u00e0&#8217;n saber m\u00e8s :<\/strong><br \/>\nSerrano, R.; Farr\u00e9, X. (2017) Las fallas del Pirineo aragon\u00e9s. Saragosse : Prames.<\/p>\n<p><strong>Fotos e Videos <\/strong><\/p>\n<p>La Falleta y el Diya d&#8217;a Cultura Chistabina (en aragon\u00e9s)<br \/>\n<a href=\"https:\/\/www.youtube.com\/watch?v=6SjdXpv7-po&amp;t=62s&amp;ab_channel=charrandotb\" target=\"_blank\" rel=\"noopener\">https:\/\/www.youtube.com\/watch?v=6SjdXpv7-po&amp;t=62s&amp;ab_channel=charrandotb<\/a><\/p>\n<p><img loading=\"lazy\" decoding=\"async\" class=\"alignnone size-full wp-image-16021\" src=\"https:\/\/prometheus.museum\/wp-content\/uploads\/2022\/06\/SANJUAN-001-Ca\u0300tedra-4bjCi7Ac.jpg\" alt=\"San Juan de Plan\" width=\"980\" height=\"735\" srcset=\"https:\/\/prometheus.museum\/wp-content\/uploads\/2022\/06\/SANJUAN-001-Ca\u0300tedra-4bjCi7Ac.jpg 980w, https:\/\/prometheus.museum\/wp-content\/uploads\/2022\/06\/SANJUAN-001-Ca\u0300tedra-4bjCi7Ac-300x225.jpg 300w, https:\/\/prometheus.museum\/wp-content\/uploads\/2022\/06\/SANJUAN-001-Ca\u0300tedra-4bjCi7Ac-768x576.jpg 768w, https:\/\/prometheus.museum\/wp-content\/uploads\/2022\/06\/SANJUAN-001-Ca\u0300tedra-4bjCi7Ac-800x600.jpg 800w\" sizes=\"auto, (max-width: 980px) 100vw, 980px\" \/><br \/>\nhalhas a San Chuan de Plan. Fotografia : Comuna de San Juan de Plan<\/p>\n<p><img loading=\"lazy\" decoding=\"async\" class=\"alignnone size-full wp-image-16026\" src=\"https:\/\/prometheus.museum\/wp-content\/uploads\/2022\/06\/SANJUAN-002-fallas-San-Juan-de-Plan-falleta_sanchuan7-1024x768-1.jpg\" alt=\"San Juan de Plan\" width=\"980\" height=\"735\" srcset=\"https:\/\/prometheus.museum\/wp-content\/uploads\/2022\/06\/SANJUAN-002-fallas-San-Juan-de-Plan-falleta_sanchuan7-1024x768-1.jpg 980w, https:\/\/prometheus.museum\/wp-content\/uploads\/2022\/06\/SANJUAN-002-fallas-San-Juan-de-Plan-falleta_sanchuan7-1024x768-1-300x225.jpg 300w, https:\/\/prometheus.museum\/wp-content\/uploads\/2022\/06\/SANJUAN-002-fallas-San-Juan-de-Plan-falleta_sanchuan7-1024x768-1-768x576.jpg 768w, https:\/\/prometheus.museum\/wp-content\/uploads\/2022\/06\/SANJUAN-002-fallas-San-Juan-de-Plan-falleta_sanchuan7-1024x768-1-800x600.jpg 800w\" sizes=\"auto, (max-width: 980px) 100vw, 980px\" \/><br \/>\nhalhas a San Chuan de Plan. Fotografia : Comuna de San Juan de Plan<\/p>\n","protected":false},"excerpt":{"rendered":"<p>Eras gents d\u2019aqueth vilatge (148 abitants) que pujan era vrespada cap a un l\u00f2c pr\u00f2ishi deth vilatge, conegut coma era Planeta de la Falla; aras b\u00f2rdas de San Mam\u00e9s (1 300 m.). Tot eth vilatge que i participa m\u00e8s que n&#8217;i a que baishar\u00e0n sense huec. Coma ei avient d&#8217;arrib\u00e0&#8217;i en auto, que h\u00e8n un [&hellip;]<\/p>\n","protected":false},"author":1,"featured_media":0,"comment_status":"open","ping_status":"open","sticky":false,"template":"","format":"standard","meta":{"_monsterinsights_skip_tracking":false,"_monsterinsights_sitenote_active":false,"_monsterinsights_sitenote_note":"","_monsterinsights_sitenote_category":0,"_uf_show_specific_survey":0,"_uf_disable_surveys":false,"footnotes":""},"categories":[177],"tags":[],"class_list":["post-24573","post","type-post","status-publish","format-standard","hentry","category-espanha"],"_links":{"self":[{"href":"https:\/\/prometheus.museum\/oc\/wp-json\/wp\/v2\/posts\/24573","targetHints":{"allow":["GET"]}}],"collection":[{"href":"https:\/\/prometheus.museum\/oc\/wp-json\/wp\/v2\/posts"}],"about":[{"href":"https:\/\/prometheus.museum\/oc\/wp-json\/wp\/v2\/types\/post"}],"author":[{"embeddable":true,"href":"https:\/\/prometheus.museum\/oc\/wp-json\/wp\/v2\/users\/1"}],"replies":[{"embeddable":true,"href":"https:\/\/prometheus.museum\/oc\/wp-json\/wp\/v2\/comments?post=24573"}],"version-history":[{"count":0,"href":"https:\/\/prometheus.museum\/oc\/wp-json\/wp\/v2\/posts\/24573\/revisions"}],"wp:attachment":[{"href":"https:\/\/prometheus.museum\/oc\/wp-json\/wp\/v2\/media?parent=24573"}],"wp:term":[{"taxonomy":"category","embeddable":true,"href":"https:\/\/prometheus.museum\/oc\/wp-json\/wp\/v2\/categories?post=24573"},{"taxonomy":"post_tag","embeddable":true,"href":"https:\/\/prometheus.museum\/oc\/wp-json\/wp\/v2\/tags?post=24573"}],"curies":[{"name":"wp","href":"https:\/\/api.w.org\/{rel}","templated":true}]}}