{"id":24576,"date":"2023-04-28T11:58:53","date_gmt":"2023-04-28T09:58:53","guid":{"rendered":"https:\/\/prometheus.museum\/senet\/"},"modified":"2023-04-28T11:58:53","modified_gmt":"2023-04-28T09:58:53","slug":"senet","status":"publish","type":"post","link":"https:\/\/prometheus.museum\/oc\/senet\/","title":{"rendered":"Senet"},"content":{"rendered":"<p>Eras halhas de Senet que s\u2019an mantengut sense interrupcion coneguda, sonque passar de Sent Joan cap ara fin de setmana abans.\u00a0 Era elaboracion deras halhas que&#8217;s h\u00e8 quauquas setmanas abans, coma en totis eths vilatges. Pr\u2019aqu\u00f2, era sua tipologia qu&#8217;ei especifica : que&#8217;s h\u00e8 a partir de quate asclas de teda clavadas ath cap d&#8217;un mange d&#8217;aver\u00e8r e renfor\u00e7adas dab hiu de h\u00e8r. Eth <em>faro<\/em> qu&#8217;ei pla\u00e7at a quinze minutas a p\u00e8 deth vilatge (1390 m.), pera pista que va t\u00e0 Gelada. Eth huec m\u00e8s especific qu&#8217;ei era <em>biga<\/em>, ua avet de 10 mestres, esbrancada e pelada, e araquau s&#8217;i bota ua corona h\u00e8ta dab brancas verdas deth madeish pin, aperadas <em>carrampoll<\/em>.<\/p>\n<p>Era <em>biga<\/em> que&#8217;s quilha uas setmanas abans, en ua esplanada a pena en deh\u00f2ra deth vilatge (abans, qu&#8217;\u00e8ra ua pla\u00e7a deth vilatge). Apr\u00e8s sopar, demp\u00fas eth vilatge, en familha o en c\u00f2lhas d\u2019amics, eths halhaires que pujan en grop cap ath <em>faro<\/em>, on preparan eths huecs, ent\u00e0 poder alugar eras halhas. Que comen\u00e7an, coma en eths autis vilatges, dab eras halhas dera mainada. Apr\u00e8s, eths halhaires \u2013 que p\u00f2rtan totis ua halha e un camiset ent\u00e0 poder particip\u00e0&#8217;i \u2013 que comen\u00e7an a ahlamar e eths participants que baishan cap ath vilatge pera pista deth b\u00f2sc.<\/p>\n<p>En arribar a Senet, que h\u00e8n un torn, acompanhats deths arrepics dera campanas, dinc enrodar eth tronc dera <em>biga<\/em>, que h\u00e8n coma ua arronda de huec e que lan\u00e7an eras halhas cap ath p\u00e8 dera <em>biga<\/em>. Era <em>biga<\/em> no&#8217;s d\u00e8isha cap cremar tota e que dem\u00f2ra plantada tot eth an dinc a que sia rempla\u00e7ada pera nava. Era h\u00e8sta que s&#8217;acaba en tot partatjar c\u00f2ca e vin entre totas eras personas qu&#8217;an participat e que h\u00e8n un bal.<\/p>\n<p><strong>Organizator <\/strong> : Comitat deras h\u00e8stas<br \/>\n<strong>Ent\u00e0&#8217;n saber m\u00e8s <\/strong> : <a href=\"http:\/\/www.turismealtaribagorca.cat\/ca\/agenda\/baixada-de-falles-senet\" target=\"_blank\" rel=\"noopener\">http:\/\/www.turismealtaribagorca.cat\/ca\/agenda\/baixada-de-falles-senet<\/a><br \/>\n<a href=\"http:\/\/www.ajuntamentdevilaller.cat\/\" target=\"_blank\" rel=\"noopener\">www.ajuntamentdevilaller.cat<\/a><br \/>\n<strong>Corr\u00e8u <\/strong> : pturisme@ccar.ddl.net<br \/>\n<strong>Instagram<\/strong> : <a href=\"https:\/\/www.instagram.com\/explore\/locations\/550227293\/Mairie%20%20-de-vilaller\/\" target=\"_blank\" rel=\"noopener\">https:\/\/www.instagram.com\/explore\/locations\/550227293\/Mairie%20%20-de-vilaller\/ <\/a><br \/>\n<strong>Tel<\/strong>. Comuna  : +34 973 69 81 59<\/p>\n<p><strong>Ent\u00e0&#8217;n saber m\u00e8s<\/strong><br \/>\nRiart, O. i Jord\u00e0 S. (2012). \u201cCatalogaci\u00f3 de les falles al Pirineu. Descripci\u00f3 dels processos i elements fallaires\u201d, Revista d\u2019Etnologia de Catalogne, n\u00ba38, 162-173.<br \/>\nRiart, O. i Jord\u00e0, S. (2016). Les falles del Pirineu. L\u2019Alta Ribagor\u00e7a i el Pallars Sobir\u00e0. L\u00e9rida : \u00e9ditions Pag\u00e8s.<br \/>\nRicart, S. i Farr\u00e9, X. (2012). Foc al faro, la festa de les falles al Pirineu. Ta\u00fcl l : AlpinArt.<\/p>\n<p><strong>Fotos i Videos <\/strong><\/p>\n<p>Halhas de Vilaller e de Senet<br \/>\n<a href=\"https:\/\/www.youtube.com\/watch?v=3ZisoWlozWE&amp;ab_channel=Vilaller%28ValldeBarrav%C3%A9s%29\" target=\"_blank\" rel=\"noopener\">https:\/\/www.youtube.com\/watch?v=3ZisoWlozWE&amp;ab_channel=Vilaller%28ValldeBarrav%C3%A9s%29<\/a><\/p>\n<p>Baishada de halhas 2020<br \/>\n<a href=\"https:\/\/www.facebook.com\/watch\/?v=187995435987271\" target=\"_blank\" rel=\"noopener\">https:\/\/www.facebook.com\/watch\/?v=187995435987271 <\/a><\/p>\n","protected":false},"excerpt":{"rendered":"<p>Eras halhas de Senet que s\u2019an mantengut sense interrupcion coneguda, sonque passar de Sent Joan cap ara fin de setmana abans.\u00a0 Era elaboracion deras halhas que&#8217;s h\u00e8 quauquas setmanas abans, coma en totis eths vilatges. Pr\u2019aqu\u00f2, era sua tipologia qu&#8217;ei especifica : que&#8217;s h\u00e8 a partir de quate asclas de teda clavadas ath cap d&#8217;un [&hellip;]<\/p>\n","protected":false},"author":1,"featured_media":0,"comment_status":"open","ping_status":"open","sticky":false,"template":"","format":"standard","meta":{"_monsterinsights_skip_tracking":false,"_monsterinsights_sitenote_active":false,"_monsterinsights_sitenote_note":"","_monsterinsights_sitenote_category":0,"_uf_show_specific_survey":0,"_uf_disable_surveys":false,"footnotes":""},"categories":[177],"tags":[],"class_list":["post-24576","post","type-post","status-publish","format-standard","hentry","category-espanha"],"_links":{"self":[{"href":"https:\/\/prometheus.museum\/oc\/wp-json\/wp\/v2\/posts\/24576","targetHints":{"allow":["GET"]}}],"collection":[{"href":"https:\/\/prometheus.museum\/oc\/wp-json\/wp\/v2\/posts"}],"about":[{"href":"https:\/\/prometheus.museum\/oc\/wp-json\/wp\/v2\/types\/post"}],"author":[{"embeddable":true,"href":"https:\/\/prometheus.museum\/oc\/wp-json\/wp\/v2\/users\/1"}],"replies":[{"embeddable":true,"href":"https:\/\/prometheus.museum\/oc\/wp-json\/wp\/v2\/comments?post=24576"}],"version-history":[{"count":0,"href":"https:\/\/prometheus.museum\/oc\/wp-json\/wp\/v2\/posts\/24576\/revisions"}],"wp:attachment":[{"href":"https:\/\/prometheus.museum\/oc\/wp-json\/wp\/v2\/media?parent=24576"}],"wp:term":[{"taxonomy":"category","embeddable":true,"href":"https:\/\/prometheus.museum\/oc\/wp-json\/wp\/v2\/categories?post=24576"},{"taxonomy":"post_tag","embeddable":true,"href":"https:\/\/prometheus.museum\/oc\/wp-json\/wp\/v2\/tags?post=24576"}],"curies":[{"name":"wp","href":"https:\/\/api.w.org\/{rel}","templated":true}]}}