{"id":24581,"date":"2023-04-28T12:13:03","date_gmt":"2023-04-28T10:13:03","guid":{"rendered":"https:\/\/prometheus.museum\/anlar\/"},"modified":"2023-04-28T12:13:03","modified_gmt":"2023-04-28T10:13:03","slug":"anlar","status":"publish","type":"post","link":"https:\/\/prometheus.museum\/oc\/anlar\/","title":{"rendered":"Anlar"},"content":{"rendered":"<p>A Anlar, que&#8217;s h\u00e8 eth har\u00a0: joenis e mens joenis deth vilatge que trabalhan ent\u00e0\u00a0 preparar un arbe (avet o hai) que servir\u00e0 de har. Eth arbe qu&#8217;ei pelat e shasclat dab cunhs. Un c\u00f2p quilhat ath miei deth vilatge, qu&#8217;ei empliat de palha e que i botan un boquet ath b\u00e8th cap. Eth har qu&#8217;ei cremat ath torn deth 24 de junh, un divendres o un dissabte. Un arrep\u00e8ish comunau qu&#8217;ei pagat pera comuna. A Anlar, eths halhaires que son gents deth Lar\u00e8r rurau, dera comuna e benev\u00f2les.<\/p>\n<p>Nom occitan: Anlar<br \/>\nNom franc\u00e9s : Anla<\/p>\n<p><strong>Ent\u00e0&#8217;n saber m\u00e8s <\/strong> : <a href=\"https:\/\/tourisme-neste-barousse.fr\/site\/la-tradition-des-brandons\/\" target=\"_blank\" rel=\"noopener\">https:\/\/tourisme-neste-barousse.fr\/site\/la-tradition-des-brandons\/<\/a><br \/>\n<strong>Corr\u00e8u <\/strong> : mairie.anla@orange.fr<br \/>\n<strong>Tel. comuna<\/strong> : +33562992548<\/p>\n<p><strong>Fotos e videos <\/strong><\/p>\n<p><img loading=\"lazy\" decoding=\"async\" class=\"alignnone size-full wp-image-10164\" src=\"https:\/\/prometheus.museum\/wp-content\/uploads\/2022\/05\/BAR-003-ANLA-P.jpg\" alt=\"\" width=\"980\" height=\"735\" srcset=\"https:\/\/prometheus.museum\/wp-content\/uploads\/2022\/05\/BAR-003-ANLA-P.jpg 980w, https:\/\/prometheus.museum\/wp-content\/uploads\/2022\/05\/BAR-003-ANLA-P-300x225.jpg 300w, https:\/\/prometheus.museum\/wp-content\/uploads\/2022\/05\/BAR-003-ANLA-P-768x576.jpg 768w, https:\/\/prometheus.museum\/wp-content\/uploads\/2022\/05\/BAR-003-ANLA-P-800x600.jpg 800w\" sizes=\"auto, (max-width: 980px) 100vw, 980px\" \/><br \/>\nPelar eth arbe, Anlar, junh de 2021\u00a9 Lucas Bayac\/CIRDOC-Institut occitan de cultura, junh de 2021. Indexation : BAR-003-ANLA-(P)<\/p>\n<p><img loading=\"lazy\" decoding=\"async\" class=\"alignnone size-full wp-image-10135\" src=\"https:\/\/prometheus.museum\/wp-content\/uploads\/2022\/05\/BAR-001-ANLA-P.jpg\" alt=\"\" width=\"980\" height=\"735\" srcset=\"https:\/\/prometheus.museum\/wp-content\/uploads\/2022\/05\/BAR-001-ANLA-P.jpg 980w, https:\/\/prometheus.museum\/wp-content\/uploads\/2022\/05\/BAR-001-ANLA-P-300x225.jpg 300w, https:\/\/prometheus.museum\/wp-content\/uploads\/2022\/05\/BAR-001-ANLA-P-768x576.jpg 768w, https:\/\/prometheus.museum\/wp-content\/uploads\/2022\/05\/BAR-001-ANLA-P-800x600.jpg 800w\" sizes=\"auto, (max-width: 980px) 100vw, 980px\" \/><br \/>\nHicar cunhs en arbe, Anlar \u00a9 Lucas Bayac\/CIRDOC-Institut occitan de cultura, junh de 2021. Indexation : BAR-001-ANLA-(P)<\/p>\n<p><img loading=\"lazy\" decoding=\"async\" class=\"alignnone size-full wp-image-10152\" src=\"https:\/\/prometheus.museum\/wp-content\/uploads\/2022\/05\/BAR-002-ANLA-P.jpg\" alt=\"\" width=\"980\" height=\"735\" srcset=\"https:\/\/prometheus.museum\/wp-content\/uploads\/2022\/05\/BAR-002-ANLA-P.jpg 980w, https:\/\/prometheus.museum\/wp-content\/uploads\/2022\/05\/BAR-002-ANLA-P-300x225.jpg 300w, https:\/\/prometheus.museum\/wp-content\/uploads\/2022\/05\/BAR-002-ANLA-P-768x576.jpg 768w, https:\/\/prometheus.museum\/wp-content\/uploads\/2022\/05\/BAR-002-ANLA-P-800x600.jpg 800w\" sizes=\"auto, (max-width: 980px) 100vw, 980px\" \/><br \/>\nEths halhaires d&#8217;Anlar \u00a9 Lucas Bayac\/CIRDOC-Institut occitan de cultura, junh de 2021. Indexation : BAR-002-ANLA-(P)<\/p>\n","protected":false},"excerpt":{"rendered":"<p>A Anlar, que&#8217;s h\u00e8 eth har\u00a0: joenis e mens joenis deth vilatge que trabalhan ent\u00e0\u00a0 preparar un arbe (avet o hai) que servir\u00e0 de har. Eth arbe qu&#8217;ei pelat e shasclat dab cunhs. Un c\u00f2p quilhat ath miei deth vilatge, qu&#8217;ei empliat de palha e que i botan un boquet ath b\u00e8th cap. Eth har [&hellip;]<\/p>\n","protected":false},"author":1,"featured_media":0,"comment_status":"open","ping_status":"open","sticky":false,"template":"","format":"standard","meta":{"_monsterinsights_skip_tracking":false,"_monsterinsights_sitenote_active":false,"_monsterinsights_sitenote_note":"","_monsterinsights_sitenote_category":0,"_uf_show_specific_survey":0,"_uf_disable_surveys":false,"footnotes":""},"categories":[176],"tags":[],"class_list":["post-24581","post","type-post","status-publish","format-standard","hentry","category-franca"],"_links":{"self":[{"href":"https:\/\/prometheus.museum\/oc\/wp-json\/wp\/v2\/posts\/24581","targetHints":{"allow":["GET"]}}],"collection":[{"href":"https:\/\/prometheus.museum\/oc\/wp-json\/wp\/v2\/posts"}],"about":[{"href":"https:\/\/prometheus.museum\/oc\/wp-json\/wp\/v2\/types\/post"}],"author":[{"embeddable":true,"href":"https:\/\/prometheus.museum\/oc\/wp-json\/wp\/v2\/users\/1"}],"replies":[{"embeddable":true,"href":"https:\/\/prometheus.museum\/oc\/wp-json\/wp\/v2\/comments?post=24581"}],"version-history":[{"count":0,"href":"https:\/\/prometheus.museum\/oc\/wp-json\/wp\/v2\/posts\/24581\/revisions"}],"wp:attachment":[{"href":"https:\/\/prometheus.museum\/oc\/wp-json\/wp\/v2\/media?parent=24581"}],"wp:term":[{"taxonomy":"category","embeddable":true,"href":"https:\/\/prometheus.museum\/oc\/wp-json\/wp\/v2\/categories?post=24581"},{"taxonomy":"post_tag","embeddable":true,"href":"https:\/\/prometheus.museum\/oc\/wp-json\/wp\/v2\/tags?post=24581"}],"curies":[{"name":"wp","href":"https:\/\/api.w.org\/{rel}","templated":true}]}}