{"id":24591,"date":"2023-04-28T16:34:58","date_gmt":"2023-04-28T14:34:58","guid":{"rendered":"https:\/\/prometheus.museum\/gembria\/"},"modified":"2023-04-28T16:34:58","modified_gmt":"2023-04-28T14:34:58","slug":"gembria","status":"publish","type":"post","link":"https:\/\/prometheus.museum\/oc\/gembria\/","title":{"rendered":"Gembria"},"content":{"rendered":"<p>En vilatge de Gembria, eth har qu&#8217;ei shasclat ath mes de mai ; apr\u00e8s qu&#8217;ei abilhat de palha eth dia dera h\u00e8sta e que botan un boquet de flors ath b\u00e8th cap, ent\u00e0 coh\u00e0&#8217;u. Qu&#8217;ei ua accion collectiva deth vilatge en pr&#8217;amor que f\u00f2r\u00e7a gents deth Lar\u00e8r Rurau que son tanben ath conselh municipau. Era h\u00e8sta que&#8217;s passa eth darr\u00e8r dissabte de junh.<\/p>\n<p>Nom occitan: Gembria<br \/>\nNom franc\u00e9s : Gembrie<\/p>\n<p><strong>Ent\u00e0&#8217;n saber m\u00e8s <\/strong> : https:\/\/tourisme-neste-barousse.fr\/site\/la-tradition-des-brandons\/<br \/>\n<strong>Corr\u00e8u <\/strong> : mairiegembrie@wanadoo.fr<br \/>\n<strong>Tel. comuna <\/strong> : +33562392417<\/p>\n<p><img loading=\"lazy\" decoding=\"async\" class=\"alignnone size-large wp-image-10142\" src=\"https:\/\/prometheus.museum\/wp-content\/uploads\/2022\/05\/BAR-001-GEMBRIE-P-768x1024.jpg\" alt=\"\" width=\"768\" height=\"1024\" srcset=\"https:\/\/prometheus.museum\/wp-content\/uploads\/2022\/05\/BAR-001-GEMBRIE-P-768x1024.jpg 768w, https:\/\/prometheus.museum\/wp-content\/uploads\/2022\/05\/BAR-001-GEMBRIE-P-225x300.jpg 225w, https:\/\/prometheus.museum\/wp-content\/uploads\/2022\/05\/BAR-001-GEMBRIE-P-600x800.jpg 600w, https:\/\/prometheus.museum\/wp-content\/uploads\/2022\/05\/BAR-001-GEMBRIE-P.jpg 980w\" sizes=\"auto, (max-width: 768px) 100vw, 768px\" \/><\/p>\n<p>Eth har shasclat e quilhat, 18 de mai de 2015 \u00a9 CC Neste-Barousse. <em>Indexation : BAR-001-GEMBRIE-(P)<\/em><\/p>\n","protected":false},"excerpt":{"rendered":"<p>En vilatge de Gembria, eth har qu&#8217;ei shasclat ath mes de mai ; apr\u00e8s qu&#8217;ei abilhat de palha eth dia dera h\u00e8sta e que botan un boquet de flors ath b\u00e8th cap, ent\u00e0 coh\u00e0&#8217;u. Qu&#8217;ei ua accion collectiva deth vilatge en pr&#8217;amor que f\u00f2r\u00e7a gents deth Lar\u00e8r Rurau que son tanben ath conselh municipau. Era [&hellip;]<\/p>\n","protected":false},"author":1,"featured_media":0,"comment_status":"open","ping_status":"open","sticky":false,"template":"","format":"standard","meta":{"_monsterinsights_skip_tracking":false,"_monsterinsights_sitenote_active":false,"_monsterinsights_sitenote_note":"","_monsterinsights_sitenote_category":0,"_uf_show_specific_survey":0,"_uf_disable_surveys":false,"footnotes":""},"categories":[176],"tags":[],"class_list":["post-24591","post","type-post","status-publish","format-standard","hentry","category-franca"],"_links":{"self":[{"href":"https:\/\/prometheus.museum\/oc\/wp-json\/wp\/v2\/posts\/24591","targetHints":{"allow":["GET"]}}],"collection":[{"href":"https:\/\/prometheus.museum\/oc\/wp-json\/wp\/v2\/posts"}],"about":[{"href":"https:\/\/prometheus.museum\/oc\/wp-json\/wp\/v2\/types\/post"}],"author":[{"embeddable":true,"href":"https:\/\/prometheus.museum\/oc\/wp-json\/wp\/v2\/users\/1"}],"replies":[{"embeddable":true,"href":"https:\/\/prometheus.museum\/oc\/wp-json\/wp\/v2\/comments?post=24591"}],"version-history":[{"count":0,"href":"https:\/\/prometheus.museum\/oc\/wp-json\/wp\/v2\/posts\/24591\/revisions"}],"wp:attachment":[{"href":"https:\/\/prometheus.museum\/oc\/wp-json\/wp\/v2\/media?parent=24591"}],"wp:term":[{"taxonomy":"category","embeddable":true,"href":"https:\/\/prometheus.museum\/oc\/wp-json\/wp\/v2\/categories?post=24591"},{"taxonomy":"post_tag","embeddable":true,"href":"https:\/\/prometheus.museum\/oc\/wp-json\/wp\/v2\/tags?post=24591"}],"curies":[{"name":"wp","href":"https:\/\/api.w.org\/{rel}","templated":true}]}}