{"id":24599,"date":"2023-04-29T17:36:44","date_gmt":"2023-04-29T15:36:44","guid":{"rendered":"https:\/\/prometheus.museum\/ou\/"},"modified":"2023-04-29T17:36:44","modified_gmt":"2023-04-29T15:36:44","slug":"ou","status":"publish","type":"post","link":"https:\/\/prometheus.museum\/oc\/ou\/","title":{"rendered":"\u00d2u"},"content":{"rendered":"<p>A \u00d2u, eth halhar que&#8217;s h\u00e8 en madeish temps qu&#8217;era hestacion, eth dusau fin de setmana de julhet. Un arrep\u00e8ish qu&#8217;ei organizat, eth halhar que crema e eras gents que i dan\u00e7an ath torn. Eths halhaires que son era comuna e eth comitat deras h\u00e8stas de \u00d2u.<\/p>\n<p>Nom occitan: O\u00f4<br \/>\nNom franc\u00e9s : \u00d4o<\/p>\n<p><strong>Ent\u00e0&#8217;n saber m\u00e8s <\/strong> : https:\/\/cc-pyreneeshautgaronnaises.fr\/decouvrir\/patrimoine<br \/>\n<strong>Corr\u00e8u <\/strong> : mairie.oo@wanadoo.fr<br \/>\n<strong>Tel. comuna <\/strong> : +33561791430<\/p>\n<p><img loading=\"lazy\" decoding=\"async\" class=\"alignnone size-large wp-image-10202\" src=\"https:\/\/prometheus.museum\/wp-content\/uploads\/2022\/05\/COM-001-OO-P-683x1024.jpg\" alt=\"\" width=\"683\" height=\"1024\" srcset=\"https:\/\/prometheus.museum\/wp-content\/uploads\/2022\/05\/COM-001-OO-P-683x1024.jpg 683w, https:\/\/prometheus.museum\/wp-content\/uploads\/2022\/05\/COM-001-OO-P-200x300.jpg 200w, https:\/\/prometheus.museum\/wp-content\/uploads\/2022\/05\/COM-001-OO-P-768x1152.jpg 768w, https:\/\/prometheus.museum\/wp-content\/uploads\/2022\/05\/COM-001-OO-P.jpg 980w\" sizes=\"auto, (max-width: 683px) 100vw, 683px\" \/><\/p>\n<p>Eth halhar qu&#8217;ei quilhat e palhat, 8 de julhet de 2017 \u00a9 CIRDOC-Institut occitan de cultura. <em>Indexation\u00a0: COM-001-OO-(P)<\/em><\/p>\n<p><img loading=\"lazy\" decoding=\"async\" class=\"alignnone size-full wp-image-10210\" src=\"https:\/\/prometheus.museum\/wp-content\/uploads\/2022\/05\/COM-002-OO-P.jpg\" alt=\"\" width=\"980\" height=\"653\" srcset=\"https:\/\/prometheus.museum\/wp-content\/uploads\/2022\/05\/COM-002-OO-P.jpg 980w, https:\/\/prometheus.museum\/wp-content\/uploads\/2022\/05\/COM-002-OO-P-300x200.jpg 300w, https:\/\/prometheus.museum\/wp-content\/uploads\/2022\/05\/COM-002-OO-P-768x512.jpg 768w\" sizes=\"auto, (max-width: 980px) 100vw, 980px\" \/><\/p>\n<p>Eth public que dem\u00f2ra era cremada, 8 de julhet de 2017 \u00a9 CIRDOC-Institut occitan de cultura. <em>Indexation : COM-002-OO-(P)<\/em><\/p>\n<p><img loading=\"lazy\" decoding=\"async\" class=\"alignnone size-full wp-image-10217\" src=\"https:\/\/prometheus.museum\/wp-content\/uploads\/2022\/05\/COM-003-OO-P.jpg\" alt=\"\" width=\"980\" height=\"653\" srcset=\"https:\/\/prometheus.museum\/wp-content\/uploads\/2022\/05\/COM-003-OO-P.jpg 980w, https:\/\/prometheus.museum\/wp-content\/uploads\/2022\/05\/COM-003-OO-P-300x200.jpg 300w, https:\/\/prometheus.museum\/wp-content\/uploads\/2022\/05\/COM-003-OO-P-768x512.jpg 768w\" sizes=\"auto, (max-width: 980px) 100vw, 980px\" \/><\/p>\n<p>Eth halhar que crema en ua volada d&#8217;espitas, 8 de julhet de\u00a0 2017 \u00a9 CIRDOC-Institut occitan de cultura. <em>Indexation : COM-003-OO-(P)<\/em><\/p>\n<p><img loading=\"lazy\" decoding=\"async\" class=\"alignnone size-large wp-image-10223\" src=\"https:\/\/prometheus.museum\/wp-content\/uploads\/2022\/05\/COM-004-OO-P-683x1024.jpg\" alt=\"\" width=\"683\" height=\"1024\" srcset=\"https:\/\/prometheus.museum\/wp-content\/uploads\/2022\/05\/COM-004-OO-P-683x1024.jpg 683w, https:\/\/prometheus.museum\/wp-content\/uploads\/2022\/05\/COM-004-OO-P-200x300.jpg 200w, https:\/\/prometheus.museum\/wp-content\/uploads\/2022\/05\/COM-004-OO-P-768x1152.jpg 768w, https:\/\/prometheus.museum\/wp-content\/uploads\/2022\/05\/COM-004-OO-P.jpg 980w\" sizes=\"auto, (max-width: 683px) 100vw, 683px\" \/><\/p>\n<p>Eth halhar, moment de h\u00e8sta m\u00e8s tanben moment romantic, 8 de julhet de 2017 \u00a9 CIRDOC-Institut occitan de cultura. <em>Indexation : COM-004-OO-(P)<\/em><\/p>\n<p><img loading=\"lazy\" decoding=\"async\" class=\"alignnone size-full wp-image-10228\" src=\"https:\/\/prometheus.museum\/wp-content\/uploads\/2022\/05\/COM-005-OO-P.jpg\" alt=\"\" width=\"980\" height=\"658\" srcset=\"https:\/\/prometheus.museum\/wp-content\/uploads\/2022\/05\/COM-005-OO-P.jpg 980w, https:\/\/prometheus.museum\/wp-content\/uploads\/2022\/05\/COM-005-OO-P-300x201.jpg 300w, https:\/\/prometheus.museum\/wp-content\/uploads\/2022\/05\/COM-005-OO-P-768x516.jpg 768w\" sizes=\"auto, (max-width: 980px) 100vw, 980px\" \/><\/p>\n<p>Cremada deth halhar, 8 de julhet de 2017 \u00a9 CIRDOC-Institut occitan de cultura. <em>Indexation : COM-005-OO-(P)<\/em><\/p>\n<p>&nbsp;<\/p>\n<p>&nbsp;<\/p>\n<p>&nbsp;<\/p>\n<p>&nbsp;<\/p>\n<p>&nbsp;<\/p>\n<p>&nbsp;<\/p>\n<p>&nbsp;<\/p>\n<p>&nbsp;<\/p>\n<p>&nbsp;<\/p>\n<p>&nbsp;<\/p>\n<p>&nbsp;<\/p>\n","protected":false},"excerpt":{"rendered":"<p>A \u00d2u, eth halhar que&#8217;s h\u00e8 en madeish temps qu&#8217;era hestacion, eth dusau fin de setmana de julhet. Un arrep\u00e8ish qu&#8217;ei organizat, eth halhar que crema e eras gents que i dan\u00e7an ath torn. Eths halhaires que son era comuna e eth comitat deras h\u00e8stas de \u00d2u. Nom occitan: O\u00f4 Nom franc\u00e9s : \u00d4o Ent\u00e0&#8217;n [&hellip;]<\/p>\n","protected":false},"author":1,"featured_media":0,"comment_status":"open","ping_status":"open","sticky":false,"template":"","format":"standard","meta":{"_monsterinsights_skip_tracking":false,"_monsterinsights_sitenote_active":false,"_monsterinsights_sitenote_note":"","_monsterinsights_sitenote_category":0,"_uf_show_specific_survey":0,"_uf_disable_surveys":false,"footnotes":""},"categories":[176],"tags":[],"class_list":["post-24599","post","type-post","status-publish","format-standard","hentry","category-franca"],"_links":{"self":[{"href":"https:\/\/prometheus.museum\/oc\/wp-json\/wp\/v2\/posts\/24599","targetHints":{"allow":["GET"]}}],"collection":[{"href":"https:\/\/prometheus.museum\/oc\/wp-json\/wp\/v2\/posts"}],"about":[{"href":"https:\/\/prometheus.museum\/oc\/wp-json\/wp\/v2\/types\/post"}],"author":[{"embeddable":true,"href":"https:\/\/prometheus.museum\/oc\/wp-json\/wp\/v2\/users\/1"}],"replies":[{"embeddable":true,"href":"https:\/\/prometheus.museum\/oc\/wp-json\/wp\/v2\/comments?post=24599"}],"version-history":[{"count":0,"href":"https:\/\/prometheus.museum\/oc\/wp-json\/wp\/v2\/posts\/24599\/revisions"}],"wp:attachment":[{"href":"https:\/\/prometheus.museum\/oc\/wp-json\/wp\/v2\/media?parent=24599"}],"wp:term":[{"taxonomy":"category","embeddable":true,"href":"https:\/\/prometheus.museum\/oc\/wp-json\/wp\/v2\/categories?post=24599"},{"taxonomy":"post_tag","embeddable":true,"href":"https:\/\/prometheus.museum\/oc\/wp-json\/wp\/v2\/tags?post=24599"}],"curies":[{"name":"wp","href":"https:\/\/api.w.org\/{rel}","templated":true}]}}