{"id":24603,"date":"2023-04-29T17:44:19","date_gmt":"2023-04-29T15:44:19","guid":{"rendered":"https:\/\/prometheus.museum\/sent-mamet\/"},"modified":"2023-04-29T17:44:19","modified_gmt":"2023-04-29T15:44:19","slug":"sent-mamet","status":"publish","type":"post","link":"https:\/\/prometheus.museum\/oc\/sent-mamet\/","title":{"rendered":"Sent Mamet"},"content":{"rendered":"<p>A Sent Mamet, eth halhar qu&#8217;ei organizat pera comuna e peth comitat deras h\u00e8stas. Emplagats dera comuna que son cargats dera preparacion deth arbe que ser\u00e0 halamat, mentre qu&#8217;eth comitat deras h\u00e8stas que s&#8217;ocupa dera animacion dera serada. En principi, eth halhar que&#8217;s h\u00e8 un dissabte, que depen de quan ac h\u00e8n eras autas comunas coma Banh\u00e8res o Montauban.<\/p>\n<p>Nom occitan: Sent Memet<br \/>\nNom franc\u00e9s : Saint-Mamet<\/p>\n<p><strong>Ent\u00e0&#8217;n saber m\u00e8s <\/strong> : https:\/\/cc-pyreneeshautgaronnaises.fr\/decouvrir\/patrimoine, https:\/\/www.saint-mamet31.fr\/fr\/animations\/brandon.html<br \/>\n<strong>Corr\u00e8u <\/strong> : mairiesaint-mamet@wanadoo.fr<br \/>\n<strong>Tel. comuna <\/strong> : +33561790397<\/p>\n<p><img loading=\"lazy\" decoding=\"async\" class=\"alignnone size-full wp-image-10204\" src=\"https:\/\/prometheus.museum\/wp-content\/uploads\/2022\/05\/COM-001-SAINTMAMET-P.jpg\" alt=\"\" width=\"980\" height=\"736\" srcset=\"https:\/\/prometheus.museum\/wp-content\/uploads\/2022\/05\/COM-001-SAINTMAMET-P.jpg 980w, https:\/\/prometheus.museum\/wp-content\/uploads\/2022\/05\/COM-001-SAINTMAMET-P-300x225.jpg 300w, https:\/\/prometheus.museum\/wp-content\/uploads\/2022\/05\/COM-001-SAINTMAMET-P-768x577.jpg 768w, https:\/\/prometheus.museum\/wp-content\/uploads\/2022\/05\/COM-001-SAINTMAMET-P-800x600.jpg 800w\" sizes=\"auto, (max-width: 980px) 100vw, 980px\" \/><\/p>\n<p>Palhar deth halhar, 16 de junh de 2018 \u00a9 Mairie de Saint-Mamet. <em>Indexation : COM-001-SAINTMAMET-(P)<\/em><\/p>\n<p><img loading=\"lazy\" decoding=\"async\" class=\"alignnone size-large wp-image-10212\" src=\"https:\/\/prometheus.museum\/wp-content\/uploads\/2022\/05\/COM-002-SAINTMAMET-P-768x1024.jpg\" alt=\"\" width=\"768\" height=\"1024\" srcset=\"https:\/\/prometheus.museum\/wp-content\/uploads\/2022\/05\/COM-002-SAINTMAMET-P-768x1024.jpg 768w, https:\/\/prometheus.museum\/wp-content\/uploads\/2022\/05\/COM-002-SAINTMAMET-P-225x300.jpg 225w, https:\/\/prometheus.museum\/wp-content\/uploads\/2022\/05\/COM-002-SAINTMAMET-P-600x800.jpg 600w, https:\/\/prometheus.museum\/wp-content\/uploads\/2022\/05\/COM-002-SAINTMAMET-P.jpg 980w\" sizes=\"auto, (max-width: 768px) 100vw, 768px\" \/><\/p>\n<p>Eth halhar palhat e flocat, qu&#8217;ei pr\u00e8st ent\u00e0 cremar, 16 de junh de 2018 \u00a9 Mairie de Saint-Mamet. <em>Indexation : COM-002-SAINTMAMET-(P)<\/em><\/p>\n<p><img loading=\"lazy\" decoding=\"async\" class=\"alignnone size-large wp-image-10219\" src=\"https:\/\/prometheus.museum\/wp-content\/uploads\/2022\/05\/COM-003-SAINTMAMET-P-681x1024.jpg\" alt=\"\" width=\"681\" height=\"1024\" srcset=\"https:\/\/prometheus.museum\/wp-content\/uploads\/2022\/05\/COM-003-SAINTMAMET-P-681x1024.jpg 681w, https:\/\/prometheus.museum\/wp-content\/uploads\/2022\/05\/COM-003-SAINTMAMET-P-199x300.jpg 199w, https:\/\/prometheus.museum\/wp-content\/uploads\/2022\/05\/COM-003-SAINTMAMET-P-768x1155.jpg 768w, https:\/\/prometheus.museum\/wp-content\/uploads\/2022\/05\/COM-003-SAINTMAMET-P.jpg 980w\" sizes=\"auto, (max-width: 681px) 100vw, 681px\" \/><\/p>\n<p>Cremada deth halhar, 18 de junh de 2018 \u00a9 Mairie de Saint-Mamet. <em>Indexacion\u00a0: COM-003-SAINTMAMET-(P)<\/em><\/p>\n<p><img loading=\"lazy\" decoding=\"async\" class=\"alignnone size-large wp-image-10224\" src=\"https:\/\/prometheus.museum\/wp-content\/uploads\/2022\/05\/COM-004-SAINTMAMET-P-681x1024.jpg\" alt=\"\" width=\"681\" height=\"1024\" srcset=\"https:\/\/prometheus.museum\/wp-content\/uploads\/2022\/05\/COM-004-SAINTMAMET-P-681x1024.jpg 681w, https:\/\/prometheus.museum\/wp-content\/uploads\/2022\/05\/COM-004-SAINTMAMET-P-199x300.jpg 199w, https:\/\/prometheus.museum\/wp-content\/uploads\/2022\/05\/COM-004-SAINTMAMET-P-768x1155.jpg 768w, https:\/\/prometheus.museum\/wp-content\/uploads\/2022\/05\/COM-004-SAINTMAMET-P.jpg 980w\" sizes=\"auto, (max-width: 681px) 100vw, 681px\" \/><\/p>\n<p>Eth public qu&#8217;au\u00e8ita era fin dera cremada deth halhar, 18 de junh de 2018 \u00a9 Mairie de Saint-Mamet. <em>Indexacion : COM-004-SAINTMAMET-(P)<\/em><\/p>\n","protected":false},"excerpt":{"rendered":"<p>A Sent Mamet, eth halhar qu&#8217;ei organizat pera comuna e peth comitat deras h\u00e8stas. Emplagats dera comuna que son cargats dera preparacion deth arbe que ser\u00e0 halamat, mentre qu&#8217;eth comitat deras h\u00e8stas que s&#8217;ocupa dera animacion dera serada. En principi, eth halhar que&#8217;s h\u00e8 un dissabte, que depen de quan ac h\u00e8n eras autas comunas [&hellip;]<\/p>\n","protected":false},"author":1,"featured_media":0,"comment_status":"open","ping_status":"open","sticky":false,"template":"","format":"standard","meta":{"_monsterinsights_skip_tracking":false,"_monsterinsights_sitenote_active":false,"_monsterinsights_sitenote_note":"","_monsterinsights_sitenote_category":0,"_uf_show_specific_survey":0,"_uf_disable_surveys":false,"footnotes":""},"categories":[176],"tags":[],"class_list":["post-24603","post","type-post","status-publish","format-standard","hentry","category-franca"],"_links":{"self":[{"href":"https:\/\/prometheus.museum\/oc\/wp-json\/wp\/v2\/posts\/24603","targetHints":{"allow":["GET"]}}],"collection":[{"href":"https:\/\/prometheus.museum\/oc\/wp-json\/wp\/v2\/posts"}],"about":[{"href":"https:\/\/prometheus.museum\/oc\/wp-json\/wp\/v2\/types\/post"}],"author":[{"embeddable":true,"href":"https:\/\/prometheus.museum\/oc\/wp-json\/wp\/v2\/users\/1"}],"replies":[{"embeddable":true,"href":"https:\/\/prometheus.museum\/oc\/wp-json\/wp\/v2\/comments?post=24603"}],"version-history":[{"count":0,"href":"https:\/\/prometheus.museum\/oc\/wp-json\/wp\/v2\/posts\/24603\/revisions"}],"wp:attachment":[{"href":"https:\/\/prometheus.museum\/oc\/wp-json\/wp\/v2\/media?parent=24603"}],"wp:term":[{"taxonomy":"category","embeddable":true,"href":"https:\/\/prometheus.museum\/oc\/wp-json\/wp\/v2\/categories?post=24603"},{"taxonomy":"post_tag","embeddable":true,"href":"https:\/\/prometheus.museum\/oc\/wp-json\/wp\/v2\/tags?post=24603"}],"curies":[{"name":"wp","href":"https:\/\/api.w.org\/{rel}","templated":true}]}}