{"id":24604,"date":"2023-04-29T17:46:11","date_gmt":"2023-04-29T15:46:11","guid":{"rendered":"https:\/\/prometheus.museum\/senta-maria-de-varossa\/"},"modified":"2023-04-29T17:46:11","modified_gmt":"2023-04-29T15:46:11","slug":"senta-maria-de-varossa","status":"publish","type":"post","link":"https:\/\/prometheus.museum\/oc\/senta-maria-de-varossa\/","title":{"rendered":"Senta Maria de Varossa"},"content":{"rendered":"<p>A Senta Maria, eth har qu&#8217;ei preparat ara m\u00f2da tradicionala : eth tronc qu&#8217;ei shasclat dab cunhs ent\u00e0 h\u00e8\u2019u secar. Apr\u00e8s qu&#8217;ei quilhat ara entrada dera comuna. Era h\u00e8sta deth har qu&#8217;ei organizada peth comitat deras h\u00e8stas de Senta Maria.<\/p>\n<p>Nom occitan: Senta Maria de Varossa<br \/>\nNom franc\u00e9s: Sainte-Marie<\/p>\n<p><strong>Ent\u00e0&#8217;n saber m\u00e8s <\/strong> : https:\/\/tourisme-neste-barousse.fr\/site\/la-tradition-des-brandons\/<br \/>\n<strong>Corr\u00e8u <\/strong> : commune-de-sainte-marie@orange.fr<br \/>\n<strong>Tel. comuna <\/strong> : +33562993836<\/p>\n<p><img loading=\"lazy\" decoding=\"async\" class=\"alignnone size-large wp-image-10146\" src=\"https:\/\/prometheus.museum\/wp-content\/uploads\/2022\/05\/BAR-001-SAINTEMARIE-P-768x1024.jpg\" alt=\"\" width=\"768\" height=\"1024\" srcset=\"https:\/\/prometheus.museum\/wp-content\/uploads\/2022\/05\/BAR-001-SAINTEMARIE-P-768x1024.jpg 768w, https:\/\/prometheus.museum\/wp-content\/uploads\/2022\/05\/BAR-001-SAINTEMARIE-P-225x300.jpg 225w, https:\/\/prometheus.museum\/wp-content\/uploads\/2022\/05\/BAR-001-SAINTEMARIE-P-600x800.jpg 600w, https:\/\/prometheus.museum\/wp-content\/uploads\/2022\/05\/BAR-001-SAINTEMARIE-P.jpg 980w\" sizes=\"auto, (max-width: 768px) 100vw, 768px\" \/><\/p>\n<p>Eth har qu&#8217;ei quilhat entara Sent Joan, 22 de junh de 2018 \u00a9 Patricia Heiniger-Cast\u00e9ret. <em>Indexacion\u00a0: BAR-001-SAINTEMARIE-(P)<\/em><\/p>\n<p><img loading=\"lazy\" decoding=\"async\" class=\"alignnone size-large wp-image-10159\" src=\"https:\/\/prometheus.museum\/wp-content\/uploads\/2022\/05\/BAR-002-SAINTEMARIE-P-537x1024.jpg\" alt=\"\" width=\"537\" height=\"1024\" srcset=\"https:\/\/prometheus.museum\/wp-content\/uploads\/2022\/05\/BAR-002-SAINTEMARIE-P-537x1024.jpg 537w, https:\/\/prometheus.museum\/wp-content\/uploads\/2022\/05\/BAR-002-SAINTEMARIE-P-157x300.jpg 157w, https:\/\/prometheus.museum\/wp-content\/uploads\/2022\/05\/BAR-002-SAINTEMARIE-P-768x1465.jpg 768w, https:\/\/prometheus.museum\/wp-content\/uploads\/2022\/05\/BAR-002-SAINTEMARIE-P-805x1536.jpg 805w, https:\/\/prometheus.museum\/wp-content\/uploads\/2022\/05\/BAR-002-SAINTEMARIE-P.jpg 980w\" sizes=\"auto, (max-width: 537px) 100vw, 537px\" \/><\/p>\n<p>Detalh deth trabalh, cunhs e hien\u00e8rclas, 22 de junh de 2018 \u00a9 Patricia Heiniger-Cast\u00e9ret. <em>Indexacion\u00a0: BAR-002-SAINTEMARIE-(P)<\/em><\/p>\n<p><img loading=\"lazy\" decoding=\"async\" class=\"alignnone size-large wp-image-10170\" src=\"https:\/\/prometheus.museum\/wp-content\/uploads\/2022\/05\/BAR-003-SAINTEMARIE-P-768x1024.jpg\" alt=\"\" width=\"768\" height=\"1024\" srcset=\"https:\/\/prometheus.museum\/wp-content\/uploads\/2022\/05\/BAR-003-SAINTEMARIE-P-768x1024.jpg 768w, https:\/\/prometheus.museum\/wp-content\/uploads\/2022\/05\/BAR-003-SAINTEMARIE-P-225x300.jpg 225w, https:\/\/prometheus.museum\/wp-content\/uploads\/2022\/05\/BAR-003-SAINTEMARIE-P-600x800.jpg 600w, https:\/\/prometheus.museum\/wp-content\/uploads\/2022\/05\/BAR-003-SAINTEMARIE-P.jpg 980w\" sizes=\"auto, (max-width: 768px) 100vw, 768px\" \/><\/p>\n<p>Har pelat, shasclat e quilhat entara h\u00e8sta de 2021, 25 de junh de 2021 \u00a9 Mathilde Lamothe\/CIRDOC-Institut occitan de cultura. <em>Indexacion : BAR-003-SAINTEMARIE-(P)<\/em><\/p>\n","protected":false},"excerpt":{"rendered":"<p>A Senta Maria, eth har qu&#8217;ei preparat ara m\u00f2da tradicionala : eth tronc qu&#8217;ei shasclat dab cunhs ent\u00e0 h\u00e8\u2019u secar. Apr\u00e8s qu&#8217;ei quilhat ara entrada dera comuna. Era h\u00e8sta deth har qu&#8217;ei organizada peth comitat deras h\u00e8stas de Senta Maria. Nom occitan: Senta Maria de Varossa Nom franc\u00e9s: Sainte-Marie Ent\u00e0&#8217;n saber m\u00e8s : https:\/\/tourisme-neste-barousse.fr\/site\/la-tradition-des-brandons\/ Corr\u00e8u [&hellip;]<\/p>\n","protected":false},"author":1,"featured_media":0,"comment_status":"open","ping_status":"open","sticky":false,"template":"","format":"standard","meta":{"_monsterinsights_skip_tracking":false,"_monsterinsights_sitenote_active":false,"_monsterinsights_sitenote_note":"","_monsterinsights_sitenote_category":0,"_uf_show_specific_survey":0,"_uf_disable_surveys":false,"footnotes":""},"categories":[176],"tags":[],"class_list":["post-24604","post","type-post","status-publish","format-standard","hentry","category-franca"],"_links":{"self":[{"href":"https:\/\/prometheus.museum\/oc\/wp-json\/wp\/v2\/posts\/24604","targetHints":{"allow":["GET"]}}],"collection":[{"href":"https:\/\/prometheus.museum\/oc\/wp-json\/wp\/v2\/posts"}],"about":[{"href":"https:\/\/prometheus.museum\/oc\/wp-json\/wp\/v2\/types\/post"}],"author":[{"embeddable":true,"href":"https:\/\/prometheus.museum\/oc\/wp-json\/wp\/v2\/users\/1"}],"replies":[{"embeddable":true,"href":"https:\/\/prometheus.museum\/oc\/wp-json\/wp\/v2\/comments?post=24604"}],"version-history":[{"count":0,"href":"https:\/\/prometheus.museum\/oc\/wp-json\/wp\/v2\/posts\/24604\/revisions"}],"wp:attachment":[{"href":"https:\/\/prometheus.museum\/oc\/wp-json\/wp\/v2\/media?parent=24604"}],"wp:term":[{"taxonomy":"category","embeddable":true,"href":"https:\/\/prometheus.museum\/oc\/wp-json\/wp\/v2\/categories?post=24604"},{"taxonomy":"post_tag","embeddable":true,"href":"https:\/\/prometheus.museum\/oc\/wp-json\/wp\/v2\/tags?post=24604"}],"curies":[{"name":"wp","href":"https:\/\/api.w.org\/{rel}","templated":true}]}}