{"id":24608,"date":"2023-04-29T17:56:29","date_gmt":"2023-04-29T15:56:29","guid":{"rendered":"https:\/\/prometheus.museum\/sarp\/"},"modified":"2023-04-29T17:56:29","modified_gmt":"2023-04-29T15:56:29","slug":"sarp","status":"publish","type":"post","link":"https:\/\/prometheus.museum\/oc\/sarp\/","title":{"rendered":"Sarp"},"content":{"rendered":"<p>A Sarp, un arbe qu&#8217;ei shasclat un mes abans Sent Joan, de cap a miei mai. Ath comen\u00e7ament, que h\u00e8van dab telh (de m\u00e8s bon pelar) m\u00e8s au\u00e9, qu&#8217;utilizan eth hai (de bon pelar) o b\u00e8th c\u00f2p ua avet. Palhar eth har qu&#8217;ei ua evolucion arrecenta. Flors que c\u00f2han eth somaralh. B\u00e8th temps a, qu&#8217;\u00e8ra benadit peth cur\u00e8, que s&#8217;arrest\u00e8c enas annadas 2000 m\u00e8s o mens. Era cremada que&#8217;s passa eth dissabte abans o apr\u00e8s era Sent Joan (sonque en 2021 que no&#8217;s hec en pr&#8217;amor dera pandemia de COVID-19, eth har que pass\u00e8c ath mes de julhet).<\/p>\n<p>Nom occitan: Sarp<br \/>\nNom franc\u00e9s : Sarp<\/p>\n<p><strong>Ent\u00e0&#8217;n saber m\u00e8s <\/strong> : https:\/\/tourisme-neste-barousse.fr\/site\/la-tradition-des-brandons\/<br \/>\n<strong>Corr\u00e8u <\/strong> : commune-de-sarp@orange.fr<br \/>\n<strong>Tel. comuna <\/strong> : +33562992811<\/p>\n<p><img loading=\"lazy\" decoding=\"async\" class=\"alignnone size-large wp-image-10149\" src=\"https:\/\/prometheus.museum\/wp-content\/uploads\/2022\/05\/BAR-001-SARP-P-768x1024.jpg\" alt=\"\" width=\"768\" height=\"1024\" srcset=\"https:\/\/prometheus.museum\/wp-content\/uploads\/2022\/05\/BAR-001-SARP-P-768x1024.jpg 768w, https:\/\/prometheus.museum\/wp-content\/uploads\/2022\/05\/BAR-001-SARP-P-225x300.jpg 225w, https:\/\/prometheus.museum\/wp-content\/uploads\/2022\/05\/BAR-001-SARP-P-600x800.jpg 600w, https:\/\/prometheus.museum\/wp-content\/uploads\/2022\/05\/BAR-001-SARP-P.jpg 980w\" sizes=\"auto, (max-width: 768px) 100vw, 768px\" \/><br \/>\nEth har en preparacion, 22 de junh de 2018 \u00a9 Patricia Heiniger-Cast\u00e9ret. <em>Indexacion : BAR-001-SARP-(P)<\/em><\/p>\n<p><img loading=\"lazy\" decoding=\"async\" class=\"alignnone size-full wp-image-10187\" src=\"https:\/\/prometheus.museum\/wp-content\/uploads\/2022\/05\/BAR-005-SARP-P.jpg\" alt=\"\" width=\"980\" height=\"735\" srcset=\"https:\/\/prometheus.museum\/wp-content\/uploads\/2022\/05\/BAR-005-SARP-P.jpg 980w, https:\/\/prometheus.museum\/wp-content\/uploads\/2022\/05\/BAR-005-SARP-P-300x225.jpg 300w, https:\/\/prometheus.museum\/wp-content\/uploads\/2022\/05\/BAR-005-SARP-P-768x576.jpg 768w, https:\/\/prometheus.museum\/wp-content\/uploads\/2022\/05\/BAR-005-SARP-P-800x600.jpg 800w\" sizes=\"auto, (max-width: 980px) 100vw, 980px\" \/><br \/>\nPan\u00e8u d\u2019informacion deth har de Sarp, 22 junh de 2018 \u00a9 Patricia Heiniger-Cast\u00e9ret. <em>Indexacion : BAR-005-SARP-(P)<\/em><\/p>\n<p><img loading=\"lazy\" decoding=\"async\" class=\"alignnone size-full wp-image-10161\" src=\"https:\/\/prometheus.museum\/wp-content\/uploads\/2022\/05\/BAR-002-SARP-P.jpg\" alt=\"\" width=\"980\" height=\"653\" srcset=\"https:\/\/prometheus.museum\/wp-content\/uploads\/2022\/05\/BAR-002-SARP-P.jpg 980w, https:\/\/prometheus.museum\/wp-content\/uploads\/2022\/05\/BAR-002-SARP-P-300x200.jpg 300w, https:\/\/prometheus.museum\/wp-content\/uploads\/2022\/05\/BAR-002-SARP-P-768x512.jpg 768w\" sizes=\"auto, (max-width: 980px) 100vw, 980px\" \/><br \/>\nEth har a punt de cremar, a boca de net, 3 de julhet de 2021 \u00a9 Camille Dodet\/PROMETHEUS. <em>Indexacion : BAR-002-SARP-(P)<\/em><\/p>\n<p><img loading=\"lazy\" decoding=\"async\" class=\"alignnone size-full wp-image-10172\" src=\"https:\/\/prometheus.museum\/wp-content\/uploads\/2022\/05\/BAR-003-SARP-P.jpg\" alt=\"\" width=\"980\" height=\"652\" srcset=\"https:\/\/prometheus.museum\/wp-content\/uploads\/2022\/05\/BAR-003-SARP-P.jpg 980w, https:\/\/prometheus.museum\/wp-content\/uploads\/2022\/05\/BAR-003-SARP-P-300x200.jpg 300w, https:\/\/prometheus.museum\/wp-content\/uploads\/2022\/05\/BAR-003-SARP-P-768x511.jpg 768w\" sizes=\"auto, (max-width: 980px) 100vw, 980px\" \/><br \/>\nDan\u00e7as e rondas ath torn deth huec, 3 de julhet de 2021 \u00a9 Antoine Bazin\/PROMETHEUS. <em>Indexacion\u00a0: BAR-003-SARP-(P)<\/em><\/p>\n<p><img loading=\"lazy\" decoding=\"async\" class=\"alignnone size-full wp-image-10180\" src=\"https:\/\/prometheus.museum\/wp-content\/uploads\/2022\/05\/BAR-004-SARP-P.jpg\" alt=\"\" width=\"980\" height=\"652\" srcset=\"https:\/\/prometheus.museum\/wp-content\/uploads\/2022\/05\/BAR-004-SARP-P.jpg 980w, https:\/\/prometheus.museum\/wp-content\/uploads\/2022\/05\/BAR-004-SARP-P-300x200.jpg 300w, https:\/\/prometheus.museum\/wp-content\/uploads\/2022\/05\/BAR-004-SARP-P-768x511.jpg 768w\" sizes=\"auto, (max-width: 980px) 100vw, 980px\" \/><br \/>\nMainatges meravilhadis pera magia deth huec, 3 de julhet de 2021 \u00a9 Antoine Bazin\/PROMETHEUS. <em>Indexacion : BAR-004-SARP-(P)<\/em><\/p>\n","protected":false},"excerpt":{"rendered":"<p>A Sarp, un arbe qu&#8217;ei shasclat un mes abans Sent Joan, de cap a miei mai. Ath comen\u00e7ament, que h\u00e8van dab telh (de m\u00e8s bon pelar) m\u00e8s au\u00e9, qu&#8217;utilizan eth hai (de bon pelar) o b\u00e8th c\u00f2p ua avet. Palhar eth har qu&#8217;ei ua evolucion arrecenta. Flors que c\u00f2han eth somaralh. B\u00e8th temps a, qu&#8217;\u00e8ra [&hellip;]<\/p>\n","protected":false},"author":1,"featured_media":0,"comment_status":"open","ping_status":"open","sticky":false,"template":"","format":"standard","meta":{"_monsterinsights_skip_tracking":false,"_monsterinsights_sitenote_active":false,"_monsterinsights_sitenote_note":"","_monsterinsights_sitenote_category":0,"_uf_show_specific_survey":0,"_uf_disable_surveys":false,"footnotes":""},"categories":[176],"tags":[],"class_list":["post-24608","post","type-post","status-publish","format-standard","hentry","category-franca"],"_links":{"self":[{"href":"https:\/\/prometheus.museum\/oc\/wp-json\/wp\/v2\/posts\/24608","targetHints":{"allow":["GET"]}}],"collection":[{"href":"https:\/\/prometheus.museum\/oc\/wp-json\/wp\/v2\/posts"}],"about":[{"href":"https:\/\/prometheus.museum\/oc\/wp-json\/wp\/v2\/types\/post"}],"author":[{"embeddable":true,"href":"https:\/\/prometheus.museum\/oc\/wp-json\/wp\/v2\/users\/1"}],"replies":[{"embeddable":true,"href":"https:\/\/prometheus.museum\/oc\/wp-json\/wp\/v2\/comments?post=24608"}],"version-history":[{"count":0,"href":"https:\/\/prometheus.museum\/oc\/wp-json\/wp\/v2\/posts\/24608\/revisions"}],"wp:attachment":[{"href":"https:\/\/prometheus.museum\/oc\/wp-json\/wp\/v2\/media?parent=24608"}],"wp:term":[{"taxonomy":"category","embeddable":true,"href":"https:\/\/prometheus.museum\/oc\/wp-json\/wp\/v2\/categories?post=24608"},{"taxonomy":"post_tag","embeddable":true,"href":"https:\/\/prometheus.museum\/oc\/wp-json\/wp\/v2\/tags?post=24608"}],"curies":[{"name":"wp","href":"https:\/\/api.w.org\/{rel}","templated":true}]}}