{"id":24610,"date":"2023-04-29T18:00:44","date_gmt":"2023-04-29T16:00:44","guid":{"rendered":"https:\/\/prometheus.museum\/sost\/"},"modified":"2023-04-29T18:00:44","modified_gmt":"2023-04-29T16:00:44","slug":"sost","status":"publish","type":"post","link":"https:\/\/prometheus.museum\/oc\/sost\/","title":{"rendered":"S\u00f2st"},"content":{"rendered":"<p>En aquera comuna, eth har qu&#8217;ei organizat pera Associacion esportiva e culturala de S\u00f2st. Un arbe qu&#8217;ei shasclat en longor, que i botan cunhs. Palha e un boquet de flors ath b\u00e8th cap qu&#8217;acaban de decorar eth har. Era h\u00e8sta que permet aths vesins d&#8217;arretrob\u00e0&#8217;s ent\u00e0 sopar abans d&#8217;ahlamar eth har ena serada. Eth eveniment que&#8217;s passa eth dissabte apr\u00e8s era Sent Joan.<\/p>\n<p>Nom occitan: S\u00f2st<br \/>\nNom franc\u00e9s : Sost<\/p>\n<p><strong>Ent\u00e0&#8217;n saber m\u00e8s <\/strong> : https:\/\/tourisme-neste-barousse.fr\/site\/la-tradition-des-brandons\/<br \/>\n<strong>Corr\u00e8u <\/strong> : commune-de-sost@orange.fr<br \/>\n<strong>Tel. comuna <\/strong> : +33562392200<\/p>\n<p><img loading=\"lazy\" decoding=\"async\" class=\"alignnone size-full wp-image-10151\" src=\"https:\/\/prometheus.museum\/wp-content\/uploads\/2022\/05\/BAR-001-SOST-P.jpg\" alt=\"\" width=\"980\" height=\"735\" srcset=\"https:\/\/prometheus.museum\/wp-content\/uploads\/2022\/05\/BAR-001-SOST-P.jpg 980w, https:\/\/prometheus.museum\/wp-content\/uploads\/2022\/05\/BAR-001-SOST-P-300x225.jpg 300w, https:\/\/prometheus.museum\/wp-content\/uploads\/2022\/05\/BAR-001-SOST-P-768x576.jpg 768w, https:\/\/prometheus.museum\/wp-content\/uploads\/2022\/05\/BAR-001-SOST-P-800x600.jpg 800w\" sizes=\"auto, (max-width: 980px) 100vw, 980px\" \/><br \/>\nHalhas palhadas e floridas ent\u00e0 botar huec, 30 de junh de 2015 \u00a9 CC Nesta-Varossa. <\/p>\n<p><img loading=\"lazy\" decoding=\"async\" class=\"alignnone size-large wp-image-10163\" src=\"https:\/\/prometheus.museum\/wp-content\/uploads\/2022\/05\/BAR-002-SOST-P-768x1024.jpg\" alt=\"\" width=\"768\" height=\"1024\" srcset=\"https:\/\/prometheus.museum\/wp-content\/uploads\/2022\/05\/BAR-002-SOST-P-768x1024.jpg 768w, https:\/\/prometheus.museum\/wp-content\/uploads\/2022\/05\/BAR-002-SOST-P-225x300.jpg 225w, https:\/\/prometheus.museum\/wp-content\/uploads\/2022\/05\/BAR-002-SOST-P-600x800.jpg 600w, https:\/\/prometheus.museum\/wp-content\/uploads\/2022\/05\/BAR-002-SOST-P.jpg 980w\" sizes=\"auto, (max-width: 768px) 100vw, 768px\" \/><br \/>\nSonaires de c\u00f2rs devant eth har, 30 de junh de 2015 \u00a9 CC Nesta-Varossa. <\/p>\n<p><img loading=\"lazy\" decoding=\"async\" class=\"alignnone size-large wp-image-10174\" src=\"https:\/\/prometheus.museum\/wp-content\/uploads\/2022\/05\/BAR-003-SOST-P-768x1024.jpg\" alt=\"\" width=\"768\" height=\"1024\" srcset=\"https:\/\/prometheus.museum\/wp-content\/uploads\/2022\/05\/BAR-003-SOST-P-768x1024.jpg 768w, https:\/\/prometheus.museum\/wp-content\/uploads\/2022\/05\/BAR-003-SOST-P-225x300.jpg 225w, https:\/\/prometheus.museum\/wp-content\/uploads\/2022\/05\/BAR-003-SOST-P-600x800.jpg 600w, https:\/\/prometheus.museum\/wp-content\/uploads\/2022\/05\/BAR-003-SOST-P.jpg 980w\" sizes=\"auto, (max-width: 768px) 100vw, 768px\" \/><br \/>\nEth har palhat e coronat per un boquet de flors, 30 de junh de 2015 \u00a9 CC Nesta-Varossa. <\/p>\n<p><img loading=\"lazy\" decoding=\"async\" class=\"alignnone size-large wp-image-10182\" src=\"https:\/\/prometheus.museum\/wp-content\/uploads\/2022\/05\/BAR-004-SOST-P-768x1024.jpg\" alt=\"\" width=\"768\" height=\"1024\" srcset=\"https:\/\/prometheus.museum\/wp-content\/uploads\/2022\/05\/BAR-004-SOST-P-768x1024.jpg 768w, https:\/\/prometheus.museum\/wp-content\/uploads\/2022\/05\/BAR-004-SOST-P-225x300.jpg 225w, https:\/\/prometheus.museum\/wp-content\/uploads\/2022\/05\/BAR-004-SOST-P-600x800.jpg 600w, https:\/\/prometheus.museum\/wp-content\/uploads\/2022\/05\/BAR-004-SOST-P.jpg 980w\" sizes=\"auto, (max-width: 768px) 100vw, 768px\" \/><br \/>\nAhlamada deth har, 30 de junh de 2015 \u00a9 CC Nesta-Varossa. <\/p>\n","protected":false},"excerpt":{"rendered":"<p>En aquera comuna, eth har qu&#8217;ei organizat pera Associacion esportiva e culturala de S\u00f2st. Un arbe qu&#8217;ei shasclat en longor, que i botan cunhs. Palha e un boquet de flors ath b\u00e8th cap qu&#8217;acaban de decorar eth har. Era h\u00e8sta que permet aths vesins d&#8217;arretrob\u00e0&#8217;s ent\u00e0 sopar abans d&#8217;ahlamar eth har ena serada. Eth eveniment [&hellip;]<\/p>\n","protected":false},"author":1,"featured_media":0,"comment_status":"open","ping_status":"open","sticky":false,"template":"","format":"standard","meta":{"_monsterinsights_skip_tracking":false,"_monsterinsights_sitenote_active":false,"_monsterinsights_sitenote_note":"","_monsterinsights_sitenote_category":0,"_uf_show_specific_survey":0,"_uf_disable_surveys":false,"footnotes":""},"categories":[176],"tags":[],"class_list":["post-24610","post","type-post","status-publish","format-standard","hentry","category-franca"],"_links":{"self":[{"href":"https:\/\/prometheus.museum\/oc\/wp-json\/wp\/v2\/posts\/24610","targetHints":{"allow":["GET"]}}],"collection":[{"href":"https:\/\/prometheus.museum\/oc\/wp-json\/wp\/v2\/posts"}],"about":[{"href":"https:\/\/prometheus.museum\/oc\/wp-json\/wp\/v2\/types\/post"}],"author":[{"embeddable":true,"href":"https:\/\/prometheus.museum\/oc\/wp-json\/wp\/v2\/users\/1"}],"replies":[{"embeddable":true,"href":"https:\/\/prometheus.museum\/oc\/wp-json\/wp\/v2\/comments?post=24610"}],"version-history":[{"count":0,"href":"https:\/\/prometheus.museum\/oc\/wp-json\/wp\/v2\/posts\/24610\/revisions"}],"wp:attachment":[{"href":"https:\/\/prometheus.museum\/oc\/wp-json\/wp\/v2\/media?parent=24610"}],"wp:term":[{"taxonomy":"category","embeddable":true,"href":"https:\/\/prometheus.museum\/oc\/wp-json\/wp\/v2\/categories?post=24610"},{"taxonomy":"post_tag","embeddable":true,"href":"https:\/\/prometheus.museum\/oc\/wp-json\/wp\/v2\/tags?post=24610"}],"curies":[{"name":"wp","href":"https:\/\/api.w.org\/{rel}","templated":true}]}}